{"id":160533,"date":"2024-09-24T18:00:42","date_gmt":"2024-09-25T00:00:42","guid":{"rendered":"https:\/\/nvnoticias.mx\/?p=160533"},"modified":"2024-09-24T18:03:54","modified_gmt":"2024-09-25T00:03:54","slug":"linchamiento-digital-y-mediatico-el-caso-nayib-yamasaki-y-la-peligrosa-banalizacion-de-los-derechos-ciudadanos","status":"publish","type":"post","link":"https:\/\/nvnoticias.mx\/index.php\/2024\/09\/24\/linchamiento-digital-y-mediatico-el-caso-nayib-yamasaki-y-la-peligrosa-banalizacion-de-los-derechos-ciudadanos\/","title":{"rendered":"Linchamiento digital y medi\u00e1tico: el caso Nayib Yamasaki y la peligrosa banalizaci\u00f3n de los derechos ciudadanos"},"content":{"rendered":"\n<p><\/p>\n\n\n\n<p><strong>Mois\u00e9s Hern\u00e1ndez Yoldi<\/strong><\/p>\n\n\n\n<p>En un mundo donde las redes sociales han revolucionado la comunicaci\u00f3n, otorgando voz a millones, es parad\u00f3jico que este mismo espacio que buscaba democratizar el acceso a la informaci\u00f3n y la libertad de expresi\u00f3n, hoy se haya convertido en un campo minado de difamaci\u00f3n, manipulaci\u00f3n y linchamiento digital.<\/p>\n\n\n\n<p>El caso de Nayib Yamasaki, un joven abogado veracruzano, es un triste recordatorio de c\u00f3mo la tecnolog\u00eda, cuando es mal utilizada, puede destruir vidas con la misma facilidad con la que difunde un mensaje.<\/p>\n\n\n\n<p>El incidente que lo coloc\u00f3 en el centro de la controversia ocurri\u00f3 el pasado domingo durante la \u00faltima visita del presidente Andr\u00e9s Manuel L\u00f3pez Obrador a Veracruz. En esa ocasi\u00f3n, un sujeto lanz\u00f3 una botella de pl\u00e1stico que, en un primer momento, se especul\u00f3 iba dirigida al presidente.<\/p>\n\n\n\n<p>Tras la difusi\u00f3n de un video que identificaba al responsable \u2014Jorge Cedillo, un militante de Morena y funcionario de gobierno del Estado de Veracruz\u2014, este aclar\u00f3 que el lanzamiento no fue dirigido contra L\u00f3pez Obrador, sino contra manifestantes del Poder Judicial que se encontraban en el evento.<\/p>\n\n\n\n<p>En ese momento el caso dio un giro inesperado y apunt\u00f3 hacia un joven abogado veracruzano de nombre Nayib Yamasaki como el responsable, lo que desencaden\u00f3 en un brutal linchamiento medi\u00e1tico y digital.<\/p>\n\n\n\n<p>Lo m\u00e1s preocupante es la naturaleza sistem\u00e1tica y organizada de este tipo de agresiones. Detr\u00e1s de este linchamiento no solo se encuentra una ola de desinformaci\u00f3n impulsada por actores an\u00f3nimos en redes sociales, sino tambi\u00e9n la participaci\u00f3n de pseudo periodistas y granjas de bots que no tienen reparos en difundir mentiras, atacar a ciudadanos inocentes y, peor a\u00fan, violar sus derechos fundamentales.<\/p>\n\n\n\n<p><strong>La violaci\u00f3n de los derechos de Nayib Yamasaki<\/strong><\/p>\n\n\n\n<p>En el contexto de este caso, se han violado varios derechos ciudadanos protegidos tanto por la Constituci\u00f3n mexicana como por tratados internacionales. En primer lugar, el derecho a la privacidad (Art\u00edculo 16 de la Constituci\u00f3n Mexicana), que ha sido gravemente transgredido.<\/p>\n\n\n\n<p>El art\u00edculo establece que \u201cnadie puede ser molestado en su persona, familia, domicilio, papeles o posesiones, sino en virtud de mandamiento escrito de la autoridad competente\u201d.<\/p>\n\n\n\n<p>La exposici\u00f3n de datos personales de Yamasaki \u2014como su lugar de trabajo, fotograf\u00edas familiares y detalles de su domicilio\u2014 constituye una flagrante violaci\u00f3n a este principio constitucional.<\/p>\n\n\n\n<p>Adem\u00e1s, el derecho al honor y a la propia imagen, consagrado en el Art\u00edculo 17 de la Convenci\u00f3n Americana sobre Derechos Humanos, tambi\u00e9n ha sido vulnerado. La divulgaci\u00f3n de informaci\u00f3n falsa, que vinculaba a Nayib con un acto violento contra el presidente, no solo ha da\u00f1ado su reputaci\u00f3n profesional y personal, sino que tambi\u00e9n ha puesto en riesgo su integridad f\u00edsica y emocional, al someterlo a ataques verbales y amenazas.<\/p>\n\n\n\n<p>Estos actos constituyen no solo una falta \u00e9tica por parte de quienes los difunden, sino tambi\u00e9n una violaci\u00f3n a sus derechos humanos.<\/p>\n\n\n\n<p>El caso de Nayib es representativo de un fen\u00f3meno mayor, en el que el uso de granjas de bots y pseudo periodistas se ha vuelto una herramienta de control pol\u00edtico y social.<\/p>\n\n\n\n<p>Lejos de ser meros espectadores, estos grupos act\u00faan como una maquinaria propagand\u00edstica, destinada a manipular la opini\u00f3n p\u00fablica, destruir reputaciones y desviar la atenci\u00f3n de los problemas reales del pa\u00eds.<\/p>\n\n\n\n<p><strong>El libertinaje en la libertad de expresi\u00f3n<\/strong><\/p>\n\n\n\n<p>Lo que alguna vez se vio como una plataforma para la libre expresi\u00f3n y la participaci\u00f3n democr\u00e1tica, ha mutado en un espacio donde el libertinaje de la informaci\u00f3n impera. Como sociedad, debemos cuestionarnos hasta qu\u00e9 punto estamos dispuestos a tolerar este tipo de comportamientos que cruzan la l\u00ednea del respeto a los derechos fundamentales.<\/p>\n\n\n\n<p>La libertad de expresi\u00f3n, protegida por el Art\u00edculo 6\u00ba de la Constituci\u00f3n, no puede ni debe ser utilizada como excusa para vulnerar el derecho a la privacidad, la seguridad o la dignidad de las personas.<\/p>\n\n\n\n<p>Es esencial recordar que esta libertad no es absoluta. Tanto el Pacto Internacional de Derechos Civiles y Pol\u00edticos como la Convenci\u00f3n Americana sobre Derechos Humanos establecen l\u00edmites claros: la libertad de expresi\u00f3n no debe transgredir los derechos de terceros, ni ser utilizada para difundir informaci\u00f3n falsa que cause da\u00f1o o peligro.<\/p>\n\n\n\n<p><strong>La urgencia de una legislaci\u00f3n m\u00e1s robusta<\/strong><\/p>\n\n\n\n<p>Ante la evidente falta de control sobre los abusos en las redes sociales y la proliferaci\u00f3n de campa\u00f1as de linchamiento digital, es urgente que M\u00e9xico refuerce sus mecanismos legales para proteger a los ciudadanos de este tipo de agresiones.<\/p>\n\n\n\n<p>La Ley Federal de Protecci\u00f3n de Datos Personales en Posesi\u00f3n de los Particulares es un avance, pero no suficiente. Se necesitan sanciones m\u00e1s severas contra aquellos que difundan informaci\u00f3n falsa, violen la privacidad y usen granjas de bots para manipular la opini\u00f3n p\u00fablica.<\/p>\n\n\n\n<p>El caso de Nayib Yamasaki no deber\u00eda verse como un hecho aislado, sino como un reflejo de un problema estructural que amenaza la convivencia pac\u00edfica y el respeto a los derechos humanos en el \u00e1mbito digital.<\/p>\n\n\n\n<p>Si permitimos que este tipo de campa\u00f1as contin\u00faen sin consecuencia alguna, estaremos allanando el camino para que cualquiera pueda ser v\u00edctima de una maquinaria de odio y difamaci\u00f3n, sin importar su inocencia o culpabilidad.<\/p>\n\n\n\n<p>La responsabilidad recae no solo en las autoridades, sino en todos los usuarios de redes sociales. Es tiempo de exigir transparencia y responsabilidad a quienes generan contenido y, sobre todo, de poner un alto a la violencia digital que tanto da\u00f1o est\u00e1 causando a nuestra sociedad.<\/p>\n","protected":false},"excerpt":{"rendered":"<p>Mois\u00e9s Hern\u00e1ndez Yoldi En un mundo donde las redes sociales han revolucionado la comunicaci\u00f3n, otorgando voz a millones, es parad\u00f3jico que este mismo espacio que buscaba democratizar el acceso a la informaci\u00f3n y la libertad de expresi\u00f3n, hoy se haya convertido en un campo minado de difamaci\u00f3n, manipulaci\u00f3n y linchamiento digital. El caso de Nayib [&hellip;]<\/p>\n","protected":false},"author":11,"featured_media":160534,"comment_status":"open","ping_status":"open","sticky":false,"template":"","format":"standard","meta":{"_monsterinsights_skip_tracking":false,"_monsterinsights_sitenote_active":false,"_monsterinsights_sitenote_note":"","_monsterinsights_sitenote_category":0,"footnotes":""},"categories":[429],"tags":[430],"class_list":["post-160533","post","type-post","status-publish","format-standard","has-post-thumbnail","hentry","category-artillero","tag-moises-hernandez-yoldi","wp-image-borders"],"amp_enabled":true,"_links":{"self":[{"href":"https:\/\/nvnoticias.mx\/index.php\/wp-json\/wp\/v2\/posts\/160533","targetHints":{"allow":["GET"]}}],"collection":[{"href":"https:\/\/nvnoticias.mx\/index.php\/wp-json\/wp\/v2\/posts"}],"about":[{"href":"https:\/\/nvnoticias.mx\/index.php\/wp-json\/wp\/v2\/types\/post"}],"author":[{"embeddable":true,"href":"https:\/\/nvnoticias.mx\/index.php\/wp-json\/wp\/v2\/users\/11"}],"replies":[{"embeddable":true,"href":"https:\/\/nvnoticias.mx\/index.php\/wp-json\/wp\/v2\/comments?post=160533"}],"version-history":[{"count":1,"href":"https:\/\/nvnoticias.mx\/index.php\/wp-json\/wp\/v2\/posts\/160533\/revisions"}],"predecessor-version":[{"id":160535,"href":"https:\/\/nvnoticias.mx\/index.php\/wp-json\/wp\/v2\/posts\/160533\/revisions\/160535"}],"wp:featuredmedia":[{"embeddable":true,"href":"https:\/\/nvnoticias.mx\/index.php\/wp-json\/wp\/v2\/media\/160534"}],"wp:attachment":[{"href":"https:\/\/nvnoticias.mx\/index.php\/wp-json\/wp\/v2\/media?parent=160533"}],"wp:term":[{"taxonomy":"category","embeddable":true,"href":"https:\/\/nvnoticias.mx\/index.php\/wp-json\/wp\/v2\/categories?post=160533"},{"taxonomy":"post_tag","embeddable":true,"href":"https:\/\/nvnoticias.mx\/index.php\/wp-json\/wp\/v2\/tags?post=160533"}],"curies":[{"name":"wp","href":"https:\/\/api.w.org\/{rel}","templated":true}]}}