{"id":160462,"date":"2024-09-23T18:34:00","date_gmt":"2024-09-24T00:34:00","guid":{"rendered":"https:\/\/nvnoticias.mx\/?p=160462"},"modified":"2024-09-23T19:43:11","modified_gmt":"2024-09-24T01:43:11","slug":"arath-de-la-torre-lanza-indirecta-contra-adrian-marcelo-en-brindis-en-lcdlf-video","status":"publish","type":"post","link":"https:\/\/nvnoticias.mx\/index.php\/2024\/09\/23\/arath-de-la-torre-lanza-indirecta-contra-adrian-marcelo-en-brindis-en-lcdlf-video\/","title":{"rendered":"Arath de la Torre lanza INDIRECTA contra Adri\u00e1n Marcelo en brindis en LCDLF (video)"},"content":{"rendered":"\n<p><\/p>\n\n\n\n<p>Arath de la Torre, famoso actor y conductor mexicano, se convirti\u00f3 en uno de los finalistas de La Casa de los Famosos la noche del 22 de septiembre luego de una complicada estancia durante la primera mitad del juego debido a las constantes discusiones que sostuvo con Adri\u00e1n Marcelo, quien finalmente decidi\u00f3 abandonar el programa y guardar silencio tras su inesperada salida.<\/p>\n\n\n\n<p>Durante la \u00faltima gala de eliminaci\u00f3n, Galilea Montijo organiz\u00f3 el \u00faltimo brindis dentro de la casa donde cada uno de los habitantes, antes de que saliera Agust\u00edn, compartieron unas palabras de aliento a sus compa\u00f1eros. Fue en ese momento en el que el conductor de &#8216;Hoy&#8217; decidi\u00f3 hablar sobre lo vivido en el reality y aprovech\u00f3 para lanzar una indirecta en contra de Adri\u00e1n Marcelo y los episodios violentos que protagoniz\u00f3 con \u00e9l y Gala Montes en m\u00e1s de una ocasi\u00f3n.<\/p>\n\n\n\n<p>Arath de la Torre\u00a0comenz\u00f3 mencionando que \u00e9l entr\u00f3 al programa con mucha\u00a0emoci\u00f3n e ilusi\u00f3n de divertirse; sin embargo, no todo fue miel sobre hojuelas pues el conductor confes\u00f3 que hubo\u00a0momentos muy dif\u00edciles\u00a0dentro de La Casa de los Famosos.<\/p>\n\n\n\n<blockquote class=\"wp-block-quote is-layout-flow wp-block-quote-is-layout-flow\">\n<p>&#8220;<em>Compa\u00f1eros, amigos, amigas, mis princesas, mis reinas, Agust\u00edn, Mario\u2026 Siento mucha nostalgia porque yo ven\u00eda con una ilusi\u00f3n de divertirme, y, pues s\u00ed nos divertimos pero hubo momentos muy complicados, muy dif\u00edciles<\/em>&#8220;.<\/p>\n<\/blockquote>\n\n\n\n<p>El tambi\u00e9n actor mencion\u00f3 que a pesar de que ya hab\u00eda estado en un reality show similar como lo fue en su momento Big Brother, la nueva experiencia de La Casa de los Famosos lo sorprendi\u00f3 y fue ah\u00ed, donde lanz\u00f3 una fuerte indirecta en contra de Adri\u00e1n Marcelo.<\/p>\n\n\n\n<p>Arath de la Torre asegur\u00f3 que situaciones que se vivieron dentro de el programa &#8220;de lo que ya no queremos como pa\u00eds&#8221; y record\u00f3 que tampoco quiere ataques con violencia y trampas; por lo que asegur\u00f3 que el Team Mar ha luchado por divertirse.<\/p>\n\n\n\n<p>Aunque el conductor de televisi\u00f3n nunca mencion\u00f3 el nombre de Adri\u00e1n Marcelo, dio a entender que termin\u00f3 decepcionado por la participaci\u00f3n del influencer regiomontano pues les cost\u00f3 mucho trabajo ser felices debido a las constantes amenazas y discusiones violentas que protagoniz\u00f3 el originario de Nuevo Le\u00f3n.<\/p>\n\n\n\n<p>Arath explic\u00f3 que las cosas se acomodaron y\u00a0el equipo Mar lleg\u00f3 a la final\u00a0y sacaron a todos los de Tierra pues ellos significaban todo lo que\u00a0&#8220;no queremos y no podemos seguir permitiendo ya&#8221;.<\/p>\n\n\n\n<p>Casi al final de su emotivo mensaje, Arath mencion\u00f3 que La Casa de los Famosos fue un reality show diferente en el que su equipo trat\u00f3 de enviar un mensaje a toda la gente logrando sobrevivir &#8220;con una sonrisa, con la verdad y con la humildad&#8221;.<\/p>\n\n\n\n<p>Arath se tom\u00f3 el tiempo para agradecer a sus compa\u00f1eros de Team Mar: Mario Bezares, Gala Montes, Briggitte Bozzo y Karime Pindter.<\/p>\n\n\n\n<p>Finalmente, Arath De la Torre, confirm\u00f3 que su participaci\u00f3n en La Casa de los Famosos signific\u00f3 su despedida de cualquier reality show asegurando que saldr\u00e1 con la frente en alto.<\/p>\n\n\n\n<blockquote class=\"tiktok-embed\" cite=\"https:\/\/www.tiktok.com\/@dharma_kharma\/video\/7417699472701951237\" data-video-id=\"7417699472701951237\" style=\"max-width: 605px;min-width: 325px;\" > <section> <a target=\"_blank\" title=\"@dharma_kharma\" href=\"https:\/\/www.tiktok.com\/@dharma_kharma?refer=embed\" rel=\"noopener\">@dharma_kharma<\/a> Las palabras de Arath en el brindis, representando a todo M\u00e9xico  <a title=\"lacasadelosfamosos\" target=\"_blank\" href=\"https:\/\/www.tiktok.com\/tag\/lacasadelosfamosos?refer=embed\" rel=\"noopener\">#lacasadelosfamosos<\/a> <a title=\"mexico\" target=\"_blank\" href=\"https:\/\/www.tiktok.com\/tag\/mexico?refer=embed\" rel=\"noopener\">#mexico<\/a> <a title=\"2024\" target=\"_blank\" href=\"https:\/\/www.tiktok.com\/tag\/2024?refer=embed\" rel=\"noopener\">#2024<\/a> <a title=\"viral_video\" target=\"_blank\" href=\"https:\/\/www.tiktok.com\/tag\/viral_video?refer=embed\" rel=\"noopener\">#viral_video<\/a> <a title=\"viraltiktok\" target=\"_blank\" href=\"https:\/\/www.tiktok.com\/tag\/viraltiktok?refer=embed\" rel=\"noopener\">#viraltiktok<\/a> <a title=\"tendencia\" target=\"_blank\" href=\"https:\/\/www.tiktok.com\/tag\/tendencia?refer=embed\" rel=\"noopener\">#tendencia<\/a> <a title=\"brindis\" target=\"_blank\" href=\"https:\/\/www.tiktok.com\/tag\/brindis?refer=embed\" rel=\"noopener\">#brindis<\/a> <a target=\"_blank\" title=\"\u266c sonido original - ????????????????????????????&#38;????????????????????????????\" href=\"https:\/\/www.tiktok.com\/music\/sonido-original-7417699517581773574?refer=embed\" rel=\"noopener\">\u266c sonido original &#8211; ????????????????????????????&#38;????????????????????????????<\/a> <\/section> <\/blockquote> <script async src=\"https:\/\/www.tiktok.com\/embed.js\"><\/script>\n\n\n\n<p>Fuente: <a href=\"https:\/\/www.milenio.com\/espectaculos\/famosos\/arath-de-la-torre-lanza-indirecta-contra-adrian-marcelo-brindis-lcdlf\">Milenio<\/a><\/p>\n","protected":false},"excerpt":{"rendered":"<p>Arath de la Torre, famoso actor y conductor mexicano, se convirti\u00f3 en uno de los finalistas de La Casa de los Famosos la noche del 22 de septiembre luego de una complicada estancia durante la primera mitad del juego debido a las constantes discusiones que sostuvo con Adri\u00e1n Marcelo, quien finalmente decidi\u00f3 abandonar el programa [&hellip;]<\/p>\n","protected":false},"author":8,"featured_media":160463,"comment_status":"open","ping_status":"open","sticky":false,"template":"","format":"standard","meta":{"_monsterinsights_skip_tracking":false,"_monsterinsights_sitenote_active":false,"_monsterinsights_sitenote_note":"","_monsterinsights_sitenote_category":0,"footnotes":""},"categories":[576],"tags":[16710,4671,14811,30947],"class_list":["post-160462","post","type-post","status-publish","format-standard","has-post-thumbnail","hentry","category-ocio","tag-adrian-marcelo","tag-arath-de-la-torre","tag-indirecta","tag-lcdlf","wp-image-borders"],"amp_enabled":true,"_links":{"self":[{"href":"https:\/\/nvnoticias.mx\/index.php\/wp-json\/wp\/v2\/posts\/160462","targetHints":{"allow":["GET"]}}],"collection":[{"href":"https:\/\/nvnoticias.mx\/index.php\/wp-json\/wp\/v2\/posts"}],"about":[{"href":"https:\/\/nvnoticias.mx\/index.php\/wp-json\/wp\/v2\/types\/post"}],"author":[{"embeddable":true,"href":"https:\/\/nvnoticias.mx\/index.php\/wp-json\/wp\/v2\/users\/8"}],"replies":[{"embeddable":true,"href":"https:\/\/nvnoticias.mx\/index.php\/wp-json\/wp\/v2\/comments?post=160462"}],"version-history":[{"count":1,"href":"https:\/\/nvnoticias.mx\/index.php\/wp-json\/wp\/v2\/posts\/160462\/revisions"}],"predecessor-version":[{"id":160464,"href":"https:\/\/nvnoticias.mx\/index.php\/wp-json\/wp\/v2\/posts\/160462\/revisions\/160464"}],"wp:featuredmedia":[{"embeddable":true,"href":"https:\/\/nvnoticias.mx\/index.php\/wp-json\/wp\/v2\/media\/160463"}],"wp:attachment":[{"href":"https:\/\/nvnoticias.mx\/index.php\/wp-json\/wp\/v2\/media?parent=160462"}],"wp:term":[{"taxonomy":"category","embeddable":true,"href":"https:\/\/nvnoticias.mx\/index.php\/wp-json\/wp\/v2\/categories?post=160462"},{"taxonomy":"post_tag","embeddable":true,"href":"https:\/\/nvnoticias.mx\/index.php\/wp-json\/wp\/v2\/tags?post=160462"}],"curies":[{"name":"wp","href":"https:\/\/api.w.org\/{rel}","templated":true}]}}