{"id":16030,"date":"2021-06-12T11:59:36","date_gmt":"2021-06-12T16:59:36","guid":{"rendered":"https:\/\/nvnoticias.mx\/?p=16030"},"modified":"2021-06-12T11:59:37","modified_gmt":"2021-06-12T16:59:37","slug":"urgen-hoteleros-a-implementar-campana-de-promocion-turistica","status":"publish","type":"post","link":"https:\/\/nvnoticias.mx\/index.php\/2021\/06\/12\/urgen-hoteleros-a-implementar-campana-de-promocion-turistica\/","title":{"rendered":"Urgen hoteleros a implementar campa\u00f1a de promoci\u00f3n tur\u00edstica"},"content":{"rendered":"\n<p><strong>Jes\u00fas Utrilla \/ NV Noticias<\/strong><\/p>\n\n\n\n<p>Veracruz. \u2013 Empresarios del ramo de la hoteler\u00eda del municipio de Catemaco solicitaron que se informe cuanto se capt\u00f3 del Impuesto al Hospedaje pero sobre todo que se aplique correctamente para reactivar a la industria sin chimeneas.<\/p>\n\n\n\n<p>Ram\u00f3n Alvarado Rosario, integrante de la Asociaci\u00f3n de Hoteles de Catemaco, record\u00f3 que la industria sin chimeneas fue de las m\u00e1s afectadas, por lo que se necesita una campa\u00f1a urgente de promoci\u00f3n tur\u00edstica.<\/p>\n\n\n\n<p>&nbsp;Record\u00f3 que en el caso del sector no recibieron apoyos o pr\u00f3rrogas en el pago de los impuestos y necesitan urgentemente ingresos.<\/p>\n\n\n\n<blockquote class=\"wp-block-quote is-layout-flow wp-block-quote-is-layout-flow\"><p>\u00a0\u201cTal vez falte m\u00e1s transparencia y m\u00e1s publicidad, hay algunos casos en que no se sabe en qu\u00e9 se aplica el recurso. Nosotros tenemos un representante que nos informa en qu\u00e9 se ocupa ese recurso, ning\u00fan miembro\u201d.<\/p><\/blockquote>\n\n\n\n<p>Reconoci\u00f3 la importancia del Fideicomiso del 2 por ciento al Hospedaje, que se obtiene por la contribuci\u00f3n del hu\u00e9sped.<\/p>\n\n\n\n<p>Dicho recurso que se utiliza para promoci\u00f3n permite que la ocupaci\u00f3n hotelera aumente considerablemente, adem\u00e1s que crea diversos productos tur\u00edsticos.<\/p>\n\n\n\n<p>Pero para ello es indispensable que se transparente su administraci\u00f3n y aplicaci\u00f3n.<\/p>\n","protected":false},"excerpt":{"rendered":"<p>Jes\u00fas Utrilla \/ NV Noticias Veracruz. \u2013 Empresarios del ramo de la hoteler\u00eda del municipio de Catemaco solicitaron que se informe cuanto se capt\u00f3 del Impuesto al Hospedaje pero sobre todo que se aplique correctamente para reactivar a la industria sin chimeneas. Ram\u00f3n Alvarado Rosario, integrante de la Asociaci\u00f3n de Hoteles de Catemaco, record\u00f3 que [&hellip;]<\/p>\n","protected":false},"author":6,"featured_media":16032,"comment_status":"open","ping_status":"open","sticky":false,"template":"","format":"standard","meta":{"_monsterinsights_skip_tracking":false,"_monsterinsights_sitenote_active":false,"_monsterinsights_sitenote_note":"","_monsterinsights_sitenote_category":0,"footnotes":""},"categories":[154],"tags":[2600,2223,3158],"class_list":["post-16030","post","type-post","status-publish","format-standard","has-post-thumbnail","hentry","category-veracruz","tag-campana","tag-hoteleros","tag-promocion-turistica","wp-image-borders"],"amp_enabled":true,"_links":{"self":[{"href":"https:\/\/nvnoticias.mx\/index.php\/wp-json\/wp\/v2\/posts\/16030","targetHints":{"allow":["GET"]}}],"collection":[{"href":"https:\/\/nvnoticias.mx\/index.php\/wp-json\/wp\/v2\/posts"}],"about":[{"href":"https:\/\/nvnoticias.mx\/index.php\/wp-json\/wp\/v2\/types\/post"}],"author":[{"embeddable":true,"href":"https:\/\/nvnoticias.mx\/index.php\/wp-json\/wp\/v2\/users\/6"}],"replies":[{"embeddable":true,"href":"https:\/\/nvnoticias.mx\/index.php\/wp-json\/wp\/v2\/comments?post=16030"}],"version-history":[{"count":1,"href":"https:\/\/nvnoticias.mx\/index.php\/wp-json\/wp\/v2\/posts\/16030\/revisions"}],"predecessor-version":[{"id":16031,"href":"https:\/\/nvnoticias.mx\/index.php\/wp-json\/wp\/v2\/posts\/16030\/revisions\/16031"}],"wp:featuredmedia":[{"embeddable":true,"href":"https:\/\/nvnoticias.mx\/index.php\/wp-json\/wp\/v2\/media\/16032"}],"wp:attachment":[{"href":"https:\/\/nvnoticias.mx\/index.php\/wp-json\/wp\/v2\/media?parent=16030"}],"wp:term":[{"taxonomy":"category","embeddable":true,"href":"https:\/\/nvnoticias.mx\/index.php\/wp-json\/wp\/v2\/categories?post=16030"},{"taxonomy":"post_tag","embeddable":true,"href":"https:\/\/nvnoticias.mx\/index.php\/wp-json\/wp\/v2\/tags?post=16030"}],"curies":[{"name":"wp","href":"https:\/\/api.w.org\/{rel}","templated":true}]}}