{"id":160225,"date":"2024-09-20T16:48:37","date_gmt":"2024-09-20T22:48:37","guid":{"rendered":"https:\/\/nvnoticias.mx\/?p=160225"},"modified":"2024-09-20T16:48:39","modified_gmt":"2024-09-20T22:48:39","slug":"andres-guardado-se-retira-del-futbol","status":"publish","type":"post","link":"https:\/\/nvnoticias.mx\/index.php\/2024\/09\/20\/andres-guardado-se-retira-del-futbol\/","title":{"rendered":"Andr\u00e9s Guardado se retira del futbol"},"content":{"rendered":"\n<p><\/p>\n\n\n\n<p>El futbolista mexicano Andr\u00e9s Guardado vivir\u00e1 sus \u00faltimos meses como futbolista profesional, luego de tener ya planificado su retiro de las canchas.<\/p>\n\n\n\n<p>El actual jugador del Club Le\u00f3n disputar\u00e1 lo que resta del Apertura 2024 de la Liga MX, pero una vez que termine el torneo, tambi\u00e9n habr\u00e1 finalizado su carrera profesional.<\/p>\n\n\n\n<p>Guardado ya habr\u00eda comunicado su decisi\u00f3n a la directiva de Le\u00f3n, luego de haberlo consultado con su familia.<\/p>\n\n\n\n<p>De acuerdo a Mediotiempo, los plantes del &#8216;Principito&#8217; son integrarse a la Selecci\u00f3n Mexicana en el cuerpo t\u00e9cnico que integra Javier Aguirre y Rafael M\u00e1rquez.<\/p>\n","protected":false},"excerpt":{"rendered":"<p>El futbolista mexicano Andr\u00e9s Guardado vivir\u00e1 sus \u00faltimos meses como futbolista profesional, luego de tener ya planificado su retiro de las canchas. El actual jugador del Club Le\u00f3n disputar\u00e1 lo que resta del Apertura 2024 de la Liga MX, pero una vez que termine el torneo, tambi\u00e9n habr\u00e1 finalizado su carrera profesional. Guardado ya habr\u00eda [&hellip;]<\/p>\n","protected":false},"author":8,"featured_media":160226,"comment_status":"open","ping_status":"open","sticky":false,"template":"","format":"standard","meta":{"_monsterinsights_skip_tracking":false,"_monsterinsights_sitenote_active":false,"_monsterinsights_sitenote_note":"","_monsterinsights_sitenote_category":0,"footnotes":""},"categories":[159],"tags":[10276,402,5593],"class_list":["post-160225","post","type-post","status-publish","format-standard","has-post-thumbnail","hentry","category-deportes","tag-andres-guardado","tag-futbol-2","tag-retiro","wp-image-borders"],"amp_enabled":true,"_links":{"self":[{"href":"https:\/\/nvnoticias.mx\/index.php\/wp-json\/wp\/v2\/posts\/160225","targetHints":{"allow":["GET"]}}],"collection":[{"href":"https:\/\/nvnoticias.mx\/index.php\/wp-json\/wp\/v2\/posts"}],"about":[{"href":"https:\/\/nvnoticias.mx\/index.php\/wp-json\/wp\/v2\/types\/post"}],"author":[{"embeddable":true,"href":"https:\/\/nvnoticias.mx\/index.php\/wp-json\/wp\/v2\/users\/8"}],"replies":[{"embeddable":true,"href":"https:\/\/nvnoticias.mx\/index.php\/wp-json\/wp\/v2\/comments?post=160225"}],"version-history":[{"count":1,"href":"https:\/\/nvnoticias.mx\/index.php\/wp-json\/wp\/v2\/posts\/160225\/revisions"}],"predecessor-version":[{"id":160227,"href":"https:\/\/nvnoticias.mx\/index.php\/wp-json\/wp\/v2\/posts\/160225\/revisions\/160227"}],"wp:featuredmedia":[{"embeddable":true,"href":"https:\/\/nvnoticias.mx\/index.php\/wp-json\/wp\/v2\/media\/160226"}],"wp:attachment":[{"href":"https:\/\/nvnoticias.mx\/index.php\/wp-json\/wp\/v2\/media?parent=160225"}],"wp:term":[{"taxonomy":"category","embeddable":true,"href":"https:\/\/nvnoticias.mx\/index.php\/wp-json\/wp\/v2\/categories?post=160225"},{"taxonomy":"post_tag","embeddable":true,"href":"https:\/\/nvnoticias.mx\/index.php\/wp-json\/wp\/v2\/tags?post=160225"}],"curies":[{"name":"wp","href":"https:\/\/api.w.org\/{rel}","templated":true}]}}