{"id":160119,"date":"2024-09-19T12:34:49","date_gmt":"2024-09-19T18:34:49","guid":{"rendered":"https:\/\/nvnoticias.mx\/?p=160119"},"modified":"2024-09-19T12:34:51","modified_gmt":"2024-09-19T18:34:51","slug":"ssp-refuerza-seguridad-en-martinez-de-la-torre","status":"publish","type":"post","link":"https:\/\/nvnoticias.mx\/index.php\/2024\/09\/19\/ssp-refuerza-seguridad-en-martinez-de-la-torre\/","title":{"rendered":"SSP refuerza seguridad en Mart\u00ednez de la Torre"},"content":{"rendered":"\n<p><\/p>\n\n\n\n<p><strong>Sam Ojeda \/ NV Noticias<\/strong><\/p>\n\n\n\n<p>Xalapa.- La Secretar\u00eda de Seguridad P\u00fablica (SSP) reforz\u00f3 la seguridad en el municipio de Mart\u00ednez de la Torre luego del homicidio de tres personas durante este mi\u00e9rcoles.<\/p>\n\n\n\n<p>El secretario de Seguridad P\u00fablica, Cuauht\u00e9moc Z\u00fa\u00f1iga Bonilla, se\u00f1al\u00f3 que adem\u00e1s la Fiscal\u00eda General de Veracruz (FGE) ya investiga estos hechos. <\/p>\n\n\n\n<p>\u201cLa Fiscal\u00eda ya est\u00e1 haciendo la investigaci\u00f3n correspondiente y nosotros estamos coadyuvando, reforzando los operativos\u201d, indic\u00f3.<\/p>\n\n\n\n<p>Este mi\u00e9rcoles tres personas fueron asesinadas a balazos al interior de una vivienda ubicada en la colonia Alfredo V. Bonfil.<\/p>\n\n\n\n<p>Aunque se report\u00f3 que las v\u00edctimas eran una mujer y dos menores de edad, el titular de la SSP se limit\u00f3 a confirmar el g\u00e9nero de estos, pero no las edades.<\/p>\n\n\n\n<p>En ese sentido, coment\u00f3 que es la Fiscal\u00eda General la que debe dar a conocer ese tipo de informaci\u00f3n.<\/p>\n\n\n\n<p>\u201cEse dato yo no lo tengo, la Fiscal\u00eda es quien hace la investigaci\u00f3n y la identificaci\u00f3n de los cuerpos\u201d, se\u00f1al\u00f3 el funcionario.<\/p>\n\n\n\n<p><\/p>\n","protected":false},"excerpt":{"rendered":"<p>Sam Ojeda \/ NV Noticias Xalapa.- La Secretar\u00eda de Seguridad P\u00fablica (SSP) reforz\u00f3 la seguridad en el municipio de Mart\u00ednez de la Torre luego del homicidio de tres personas durante este mi\u00e9rcoles. El secretario de Seguridad P\u00fablica, Cuauht\u00e9moc Z\u00fa\u00f1iga Bonilla, se\u00f1al\u00f3 que adem\u00e1s la Fiscal\u00eda General de Veracruz (FGE) ya investiga estos hechos. \u201cLa Fiscal\u00eda [&hellip;]<\/p>\n","protected":false},"author":8,"featured_media":160122,"comment_status":"open","ping_status":"open","sticky":false,"template":"","format":"standard","meta":{"_monsterinsights_skip_tracking":false,"_monsterinsights_sitenote_active":false,"_monsterinsights_sitenote_note":"","_monsterinsights_sitenote_category":0,"footnotes":""},"categories":[156],"tags":[9775,548],"class_list":["post-160119","post","type-post","status-publish","format-standard","has-post-thumbnail","hentry","category-estado","tag-martinez-de-la-torre","tag-ssp","wp-image-borders"],"amp_enabled":true,"_links":{"self":[{"href":"https:\/\/nvnoticias.mx\/index.php\/wp-json\/wp\/v2\/posts\/160119","targetHints":{"allow":["GET"]}}],"collection":[{"href":"https:\/\/nvnoticias.mx\/index.php\/wp-json\/wp\/v2\/posts"}],"about":[{"href":"https:\/\/nvnoticias.mx\/index.php\/wp-json\/wp\/v2\/types\/post"}],"author":[{"embeddable":true,"href":"https:\/\/nvnoticias.mx\/index.php\/wp-json\/wp\/v2\/users\/8"}],"replies":[{"embeddable":true,"href":"https:\/\/nvnoticias.mx\/index.php\/wp-json\/wp\/v2\/comments?post=160119"}],"version-history":[{"count":1,"href":"https:\/\/nvnoticias.mx\/index.php\/wp-json\/wp\/v2\/posts\/160119\/revisions"}],"predecessor-version":[{"id":160123,"href":"https:\/\/nvnoticias.mx\/index.php\/wp-json\/wp\/v2\/posts\/160119\/revisions\/160123"}],"wp:featuredmedia":[{"embeddable":true,"href":"https:\/\/nvnoticias.mx\/index.php\/wp-json\/wp\/v2\/media\/160122"}],"wp:attachment":[{"href":"https:\/\/nvnoticias.mx\/index.php\/wp-json\/wp\/v2\/media?parent=160119"}],"wp:term":[{"taxonomy":"category","embeddable":true,"href":"https:\/\/nvnoticias.mx\/index.php\/wp-json\/wp\/v2\/categories?post=160119"},{"taxonomy":"post_tag","embeddable":true,"href":"https:\/\/nvnoticias.mx\/index.php\/wp-json\/wp\/v2\/tags?post=160119"}],"curies":[{"name":"wp","href":"https:\/\/api.w.org\/{rel}","templated":true}]}}