{"id":160037,"date":"2024-09-18T11:29:15","date_gmt":"2024-09-18T17:29:15","guid":{"rendered":"https:\/\/nvnoticias.mx\/?p=160037"},"modified":"2024-09-18T11:29:17","modified_gmt":"2024-09-18T17:29:17","slug":"ebrard-anuncia-evento-empresarial-para-explicar-reforma-judicial","status":"publish","type":"post","link":"https:\/\/nvnoticias.mx\/index.php\/2024\/09\/18\/ebrard-anuncia-evento-empresarial-para-explicar-reforma-judicial\/","title":{"rendered":"Ebrard anuncia evento empresarial para explicar reforma judicial"},"content":{"rendered":"\n<p>Al descartar que haya\u00a0<strong>pausas en las inversiones hacia M\u00e9xico<\/strong>, el pr\u00f3ximo secretario de Econom\u00eda,\u00a0<strong>Marcelo Ebrard,<\/strong>\u00a0inform\u00f3 que el 15 de octubre se tendr\u00e1 un primer\u00a0<strong>evento empresarial internacional,<\/strong>\u00a0y as\u00ed tener un di\u00e1logo directo con los\u00a0<strong>empresarios<\/strong>\u00a0donde se podr\u00eda explicar, entre otros temas, la\u00a0<strong>reforma al Poder Judicial.<\/strong><\/p>\n\n\n\n<p>En entrevista, tras salir de la casa de transici\u00f3n de\u00a0<strong>Claudia Sheinbaum<\/strong>, presidenta electa, Ebrard indic\u00f3 que se trata del evento\u00a0<strong>CEO Outlook,<\/strong>\u00a0el cual se realizar\u00e1 el 15 de octubre entre la coordinaci\u00f3n de M\u00e9xico y Estados Unidos, y que hasta el momento se tienen confirmadas\u00a0<strong>45 grandes empresas.<\/strong><\/p>\n\n\n\n<p>&#8220;30 empresas son las que ya est\u00e1n en M\u00e9xico, y otras que se van a instalar en M\u00e9xico o qu\u00e9 quieren invertir a partir del 2025&#8221;, a\u00f1adi\u00f3 que por parte de M\u00e9xico estar\u00e1 el\u00a0<strong>Consejo Coordinador Empresarial,<\/strong>\u00a0las empresas globales,\u00a0<strong>American Chamber of Commerce of Mexico<\/strong>, entre otras.<\/p>\n\n\n\n<p>Marcelo Ebrard indic\u00f3 que en el evento se van a presentar las l\u00edneas que van a seguir para atraer inversi\u00f3n de Estados Unidos, Alemania, Italia, entre otros pa\u00edses,<\/p>\n\n\n\n<p>&#8220;Lo relevante, y la presidenta Sheinbaum as\u00ed lo ha querido hacer, es que iniciando el gobierno haya est\u00e1 reuni\u00f3n con todos los puntos que se tengan que tratar, desde energ\u00eda, c\u00f3mo va a funcionar la implementaci\u00f3n de la reforma al Poder Judicial, y ah\u00ed les haremos ver que en Estados Unidos ha habido elecci\u00f3n de jueces desde hace muchos a\u00f1os y que hemos tomado en cuenta las experiencias que han tenido por all\u00e1&#8221;, destac\u00f3.<\/p>\n\n\n\n<p>A\u00f1adi\u00f3 que tambi\u00e9n habr\u00e1 otros temas, por ejemplo los que tienen que ver con infraestructura, la agilizaci\u00f3n en aduanas para importaciones y exportaciones.<\/p>\n\n\n\n<p>Fuente: <a href=\"https:\/\/www.eluniversal.com.mx\/nacion\/ebrard-anuncia-evento-empresarial-para-explicar-reforma-judicial-descarta-pausas-en-inversiones-hacia-mexico\/\" data-type=\"link\" data-id=\"https:\/\/www.eluniversal.com.mx\/nacion\/ebrard-anuncia-evento-empresarial-para-explicar-reforma-judicial-descarta-pausas-en-inversiones-hacia-mexico\/\">El Universal<\/a><\/p>\n","protected":false},"excerpt":{"rendered":"<p>Al descartar que haya\u00a0pausas en las inversiones hacia M\u00e9xico, el pr\u00f3ximo secretario de Econom\u00eda,\u00a0Marcelo Ebrard,\u00a0inform\u00f3 que el 15 de octubre se tendr\u00e1 un primer\u00a0evento empresarial internacional,\u00a0y as\u00ed tener un di\u00e1logo directo con los\u00a0empresarios\u00a0donde se podr\u00eda explicar, entre otros temas, la\u00a0reforma al Poder Judicial. En entrevista, tras salir de la casa de transici\u00f3n de\u00a0Claudia Sheinbaum, presidenta [&hellip;]<\/p>\n","protected":false},"author":35,"featured_media":160038,"comment_status":"open","ping_status":"open","sticky":false,"template":"","format":"standard","meta":{"_monsterinsights_skip_tracking":false,"_monsterinsights_sitenote_active":false,"_monsterinsights_sitenote_note":"","_monsterinsights_sitenote_category":0,"footnotes":""},"categories":[158],"tags":[391,30269],"class_list":["post-160037","post","type-post","status-publish","format-standard","has-post-thumbnail","hentry","category-politica","tag-marcelo-ebrard","tag-reforma-judicial","wp-image-borders"],"amp_enabled":true,"_links":{"self":[{"href":"https:\/\/nvnoticias.mx\/index.php\/wp-json\/wp\/v2\/posts\/160037","targetHints":{"allow":["GET"]}}],"collection":[{"href":"https:\/\/nvnoticias.mx\/index.php\/wp-json\/wp\/v2\/posts"}],"about":[{"href":"https:\/\/nvnoticias.mx\/index.php\/wp-json\/wp\/v2\/types\/post"}],"author":[{"embeddable":true,"href":"https:\/\/nvnoticias.mx\/index.php\/wp-json\/wp\/v2\/users\/35"}],"replies":[{"embeddable":true,"href":"https:\/\/nvnoticias.mx\/index.php\/wp-json\/wp\/v2\/comments?post=160037"}],"version-history":[{"count":1,"href":"https:\/\/nvnoticias.mx\/index.php\/wp-json\/wp\/v2\/posts\/160037\/revisions"}],"predecessor-version":[{"id":160039,"href":"https:\/\/nvnoticias.mx\/index.php\/wp-json\/wp\/v2\/posts\/160037\/revisions\/160039"}],"wp:featuredmedia":[{"embeddable":true,"href":"https:\/\/nvnoticias.mx\/index.php\/wp-json\/wp\/v2\/media\/160038"}],"wp:attachment":[{"href":"https:\/\/nvnoticias.mx\/index.php\/wp-json\/wp\/v2\/media?parent=160037"}],"wp:term":[{"taxonomy":"category","embeddable":true,"href":"https:\/\/nvnoticias.mx\/index.php\/wp-json\/wp\/v2\/categories?post=160037"},{"taxonomy":"post_tag","embeddable":true,"href":"https:\/\/nvnoticias.mx\/index.php\/wp-json\/wp\/v2\/tags?post=160037"}],"curies":[{"name":"wp","href":"https:\/\/api.w.org\/{rel}","templated":true}]}}