{"id":159909,"date":"2024-09-17T09:22:37","date_gmt":"2024-09-17T15:22:37","guid":{"rendered":"https:\/\/nvnoticias.mx\/?p=159909"},"modified":"2024-09-17T09:22:38","modified_gmt":"2024-09-17T15:22:38","slug":"ignacio-mier-sale-en-defensa-de-amlo-tras-criticas-de-ernesto-zedillo","status":"publish","type":"post","link":"https:\/\/nvnoticias.mx\/index.php\/2024\/09\/17\/ignacio-mier-sale-en-defensa-de-amlo-tras-criticas-de-ernesto-zedillo\/","title":{"rendered":"Ignacio Mier sale en defensa de AMLO tras cr\u00edticas de Ernesto Zedillo"},"content":{"rendered":"\n<p><strong>Ignacio Mier, vicecoordinador del grupo de Morena en el Senado de la Rep\u00fablica<\/strong>, respondi\u00f3 este lunes a las cr\u00edticas vertidas por<strong>Ernesto Zedillo\u00a0<\/strong>contra la reforma al Poder Judicial, e ironiz\u00f3 que el expresidente mexicano trate de dar lecciones de democracia cuando inici\u00f3 su mandato con el \u201cerror de diciembre\u201d y posteriormente promovi\u00f3 una reforma similar a la Suprema Corte.<\/p>\n\n\n\n<p>\u201cDoctor Zedillo,<strong>\u00a0le recuerdo que usted present\u00f3 en 1994 la iniciativa para reformar al Poder Judicial<\/strong>\u00a0y esos juzgadores lo liberaron de toda culpa\u201d, revir\u00f3 Mier, quien tambi\u00e9n record\u00f3 que en el sexenio del priista ocurrieron episodios tr\u00e1gicos como los de\u00a0<strong>Acteal y Aguas Blancas<\/strong>, que seg\u00fan el morenista no fueron debidamente atendidos por el sistema de justicia.<\/p>\n\n\n\n<p>\u201c\u00bf<strong>De qu\u00e9 vino a hablar doctor Zedillo<\/strong>? \u00bfDe la impecable evaluaci\u00f3n del desempe\u00f1o de algunos jueces, magistrados y ministros que fueron serviles empleados del Presidente Zedillo?\u201d, se\u00f1al\u00f3 Mier.<\/p>\n\n\n\n<p>El senador de Morena sali\u00f3 en defensa de la reforma impulsada por el actual presidente<strong>Andr\u00e9s Manuel L\u00f3pez Obrador\u00a0<\/strong>y asegur\u00f3 que con este nuevo cambio constitucional llegar\u00e1 la verdadera justicia al pueblo de M\u00e9xico.<\/p>\n\n\n\n<p>\u201cDice Ernesto Zedillo, refiri\u00e9ndose al Presidente Andr\u00e9s Manuel L\u00f3pez Obrador y a la reforma judicial, que \u201c..su intenci\u00f3n simplemente es arrasar con el Poder Judicial como entidad independiente y profesional, y transformarlo en un servidor de quienes detentan y concentran el poder pol\u00edtico\u201d, dijo Mier a trav\u00e9s de un comunicado.<\/p>\n\n\n\n<p>Fuente: <a href=\"https:\/\/www.infobae.com\/mexico\/2024\/09\/17\/ignacio-mier-sale-en-defensa-de-amlo-tras-criticas-de-ernesto-zedillo-a-quien-recuerda-el-error-de-diciembre\/?utm_cmp_rs=ifc%3AFC_pkPMe9MoSnmEyVpsHRvb5A\">Infobae<\/a><\/p>\n\n\n\n<p><a href=\"https:\/\/www.infobae.com\/mexico\/2024\/09\/17\/un-dominicano-se-hizo-viral-tras-ser-captado-llorando-durante-el-grito-de-independencia-en-el-zocalo-eres-un-mexicano-mas\/\" target=\"_blank\" rel=\"noreferrer noopener\"><\/a><\/p>\n\n\n\n<p><\/p>\n","protected":false},"excerpt":{"rendered":"<p>Ignacio Mier, vicecoordinador del grupo de Morena en el Senado de la Rep\u00fablica, respondi\u00f3 este lunes a las cr\u00edticas vertidas porErnesto Zedillo\u00a0contra la reforma al Poder Judicial, e ironiz\u00f3 que el expresidente mexicano trate de dar lecciones de democracia cuando inici\u00f3 su mandato con el \u201cerror de diciembre\u201d y posteriormente promovi\u00f3 una reforma similar a [&hellip;]<\/p>\n","protected":false},"author":35,"featured_media":85163,"comment_status":"open","ping_status":"open","sticky":false,"template":"","format":"standard","meta":{"_monsterinsights_skip_tracking":false,"_monsterinsights_sitenote_active":false,"_monsterinsights_sitenote_note":"","_monsterinsights_sitenote_category":0,"footnotes":""},"categories":[158],"tags":[188,12047,5068],"class_list":["post-159909","post","type-post","status-publish","format-standard","has-post-thumbnail","hentry","category-politica","tag-amlo","tag-ernesto-zedillo","tag-ignacio-mier","wp-image-borders"],"amp_enabled":true,"_links":{"self":[{"href":"https:\/\/nvnoticias.mx\/index.php\/wp-json\/wp\/v2\/posts\/159909","targetHints":{"allow":["GET"]}}],"collection":[{"href":"https:\/\/nvnoticias.mx\/index.php\/wp-json\/wp\/v2\/posts"}],"about":[{"href":"https:\/\/nvnoticias.mx\/index.php\/wp-json\/wp\/v2\/types\/post"}],"author":[{"embeddable":true,"href":"https:\/\/nvnoticias.mx\/index.php\/wp-json\/wp\/v2\/users\/35"}],"replies":[{"embeddable":true,"href":"https:\/\/nvnoticias.mx\/index.php\/wp-json\/wp\/v2\/comments?post=159909"}],"version-history":[{"count":5,"href":"https:\/\/nvnoticias.mx\/index.php\/wp-json\/wp\/v2\/posts\/159909\/revisions"}],"predecessor-version":[{"id":159914,"href":"https:\/\/nvnoticias.mx\/index.php\/wp-json\/wp\/v2\/posts\/159909\/revisions\/159914"}],"wp:featuredmedia":[{"embeddable":true,"href":"https:\/\/nvnoticias.mx\/index.php\/wp-json\/wp\/v2\/media\/85163"}],"wp:attachment":[{"href":"https:\/\/nvnoticias.mx\/index.php\/wp-json\/wp\/v2\/media?parent=159909"}],"wp:term":[{"taxonomy":"category","embeddable":true,"href":"https:\/\/nvnoticias.mx\/index.php\/wp-json\/wp\/v2\/categories?post=159909"},{"taxonomy":"post_tag","embeddable":true,"href":"https:\/\/nvnoticias.mx\/index.php\/wp-json\/wp\/v2\/tags?post=159909"}],"curies":[{"name":"wp","href":"https:\/\/api.w.org\/{rel}","templated":true}]}}