{"id":159794,"date":"2024-09-16T08:17:38","date_gmt":"2024-09-16T14:17:38","guid":{"rendered":"https:\/\/nvnoticias.mx\/?p=159794"},"modified":"2024-09-16T08:17:59","modified_gmt":"2024-09-16T14:17:59","slug":"el-circo-de-la-oposicion-en-el-senado","status":"publish","type":"post","link":"https:\/\/nvnoticias.mx\/index.php\/2024\/09\/16\/el-circo-de-la-oposicion-en-el-senado\/","title":{"rendered":"El circo de la oposici\u00f3n en el Senado"},"content":{"rendered":"\n<p><\/p>\n\n\n\n<p><strong>Edgard Gonz\u00e1lez Su\u00e1rez<\/strong><\/p>\n\n\n\n<p>Apenas el lunes pasado hab\u00eda yo descrito el pavoroso espect\u00e1culo de la derecha opositora y su manifiesta desesperaci\u00f3n frente a la inevitable votaci\u00f3n favorable a la reforma judicial en el senado de la rep\u00fablica, y te adelante que pasara lo que pasara, habr\u00eda una votaci\u00f3n favorable a dicha reforma constitucional.<\/p>\n\n\n\n<p>Lo que fue toda una sorpresa, sin duda para m\u00ed por lo ser\u00eda, y es que yo no daba cr\u00e9dito al rumor no confirmado de que uno de los votos favorables a la Reforma vendr\u00eda del senador de primera minor\u00eda, por Veracruz, Miguel \u00c1ngel Yunes M\u00e1rquez. El rumor se gest\u00f3 desde el d\u00eda 6 de septiembre y se intensific\u00f3 entre el domingo siete y el lunes 8, y para la apertura de la sesi\u00f3n del pleno, martes 9, se confirm\u00f3 qu\u00e9, el ahora cada vez m\u00e1s famoso \u201cChiqui Yunes\u201d, pedir\u00eda licencia a su cargo de senador, por razones de salud, y ser\u00eda su suplente, Miguel \u00c1ngel Yunes Linares, quien asumir\u00eda su lugar y su esca\u00f1o.<\/p>\n\n\n\n<p>Ese movimiento de piezas por parte de Morena gener\u00f3 la peor crisis parlamentaria de los \u00faltimos seis a\u00f1os. Implicaba el desbaratamiento del acuerdo impuesto por Marko Cort\u00e9s a sus senadores para no \u201cdoblarse\u201d y votar en contra del dictamen. Se impon\u00eda la fuerza mayoritaria en el Congreso y, sobre todo, se iniciaba el derrumbe formal del r\u00e9gimen neoliberal, sostenido por la suprema corte de justicia y su pl\u00e9yade de jueces corruptos que a\u00fan lo sostienen.<\/p>\n\n\n\n<p>La semana pasada te enumere algunos de los errores que cometi\u00f3 la oposici\u00f3n.<\/p>\n\n\n\n<ol class=\"wp-block-list\">\n<li>La desacreditada embestida de los parciales y manipuladores medios de comunicaci\u00f3n para presionar en foros, tertulias, mesas de an\u00e1lisis, reportajes, montajes, etc., y militar discursiva y abiertamente contra la reforma, 2) la ministra Norma Pi\u00f1a se present\u00f3 a las movilizaciones en contra de la Reforma -dejando claro- que ella, no solo defiende un poder, sino que se asume militante de un proyecto pol\u00edtico concreto; 3) las dirigencias de los partidos conservadores obligaron, presionaron, y amenazaron a sus senadores a no romper el voto de la fracci\u00f3n parlamentaria en contra de la reforma; 4) se hicieron llamados -mu peligrosos- al linchamiento de aquellos que votaran a a favor de la minuta enviada por la c\u00e1mara de origen y ya en la mesa de la c\u00e1mara de senadores. 5) financiaron y movilizaron a empleados de jueces, ministros y magistrados a marchar contra la reforma, violentar los recintos parlamentarios y se quedaron cerca de cometer una tropel\u00eda en contra de los senadores.<\/li>\n\n\n\n<li>La oposici\u00f3n legislativa plane\u00f3 una estrategia que ten\u00eda un solo objetivo postergar y detener la votaci\u00f3n sobre la Reforma Judicial.<\/li>\n\n\n\n<li>Contrat\u00f3 y moviliz\u00f3 porros, parientes, hijos de funcionarios, empleados del poder judicial y de otros sectores a irrumpir violentamente en la sede alterna donde sesionar\u00eda el senado de la rep\u00fablica.<\/li>\n\n\n\n<li>Se invent\u00f3 un secuestro de un senador del MC, la minor\u00eda parlamentaria tom\u00f3 la tribuna e intentaron evitar que la sesi\u00f3n saliera adelante.<\/li>\n<\/ol>\n\n\n\n<p>Y nada, nada, pudo impedir que la Reforma al Poder Judicial fuera \u201cdebatida\u201d y sobre todo fuera votada. La oposici\u00f3n cometi\u00f3 el en\u00e9simo error desde febrero, y, sobre todo, desde la elecci\u00f3n federal, nunca entendi\u00f3 que la batalla era pol\u00edtica, no solo jur\u00eddica, era de correlaci\u00f3n de votos en las c\u00e1maras, no de conceptos, denuncias o descalificativos, era de estrategia asamble\u00edstica, no de procedimientos, ni de acusaciones, ni mentiras; era de defensa del mandato popular emitido el 2 de junio y no de la defensa del viejo r\u00e9gimen.<\/p>\n\n\n\n<p>La oposici\u00f3n ide\u00f3 un circo de varias pistas para intentar mantener la atenci\u00f3n de los ciudadanos, de intentar generar alg\u00fan apoyo popular. La gente, el pueblo, el ciudadano de a pie ya hab\u00eda decidido y hab\u00eda mandado a sus diputados y senadores a sacar adelante la Reforma Judicial.<\/p>\n\n\n\n<p>El pueblo no se dej\u00f3 enga\u00f1ar por ese circo montado por la oposici\u00f3n.<\/p>\n","protected":false},"excerpt":{"rendered":"<p>Edgard Gonz\u00e1lez Su\u00e1rez Apenas el lunes pasado hab\u00eda yo descrito el pavoroso espect\u00e1culo de la derecha opositora y su manifiesta desesperaci\u00f3n frente a la inevitable votaci\u00f3n favorable a la reforma judicial en el senado de la rep\u00fablica, y te adelante que pasara lo que pasara, habr\u00eda una votaci\u00f3n favorable a dicha reforma constitucional. Lo que [&hellip;]<\/p>\n","protected":false},"author":26,"featured_media":159796,"comment_status":"open","ping_status":"open","sticky":false,"template":"","format":"standard","meta":{"_monsterinsights_skip_tracking":false,"_monsterinsights_sitenote_active":false,"_monsterinsights_sitenote_note":"","_monsterinsights_sitenote_category":0,"footnotes":""},"categories":[242,1],"tags":[702],"class_list":["post-159794","post","type-post","status-publish","format-standard","has-post-thumbnail","hentry","category-macroscopio","category-uncategorized","tag-edgard-gonzalez-suarez","wp-image-borders"],"amp_enabled":true,"_links":{"self":[{"href":"https:\/\/nvnoticias.mx\/index.php\/wp-json\/wp\/v2\/posts\/159794","targetHints":{"allow":["GET"]}}],"collection":[{"href":"https:\/\/nvnoticias.mx\/index.php\/wp-json\/wp\/v2\/posts"}],"about":[{"href":"https:\/\/nvnoticias.mx\/index.php\/wp-json\/wp\/v2\/types\/post"}],"author":[{"embeddable":true,"href":"https:\/\/nvnoticias.mx\/index.php\/wp-json\/wp\/v2\/users\/26"}],"replies":[{"embeddable":true,"href":"https:\/\/nvnoticias.mx\/index.php\/wp-json\/wp\/v2\/comments?post=159794"}],"version-history":[{"count":2,"href":"https:\/\/nvnoticias.mx\/index.php\/wp-json\/wp\/v2\/posts\/159794\/revisions"}],"predecessor-version":[{"id":159797,"href":"https:\/\/nvnoticias.mx\/index.php\/wp-json\/wp\/v2\/posts\/159794\/revisions\/159797"}],"wp:featuredmedia":[{"embeddable":true,"href":"https:\/\/nvnoticias.mx\/index.php\/wp-json\/wp\/v2\/media\/159796"}],"wp:attachment":[{"href":"https:\/\/nvnoticias.mx\/index.php\/wp-json\/wp\/v2\/media?parent=159794"}],"wp:term":[{"taxonomy":"category","embeddable":true,"href":"https:\/\/nvnoticias.mx\/index.php\/wp-json\/wp\/v2\/categories?post=159794"},{"taxonomy":"post_tag","embeddable":true,"href":"https:\/\/nvnoticias.mx\/index.php\/wp-json\/wp\/v2\/tags?post=159794"}],"curies":[{"name":"wp","href":"https:\/\/api.w.org\/{rel}","templated":true}]}}