{"id":159791,"date":"2024-09-16T08:14:15","date_gmt":"2024-09-16T14:14:15","guid":{"rendered":"https:\/\/nvnoticias.mx\/?p=159791"},"modified":"2024-09-16T08:14:17","modified_gmt":"2024-09-16T14:14:17","slug":"la-imagen-de-la-mujer-en-los-medios-de-comunicacion-2","status":"publish","type":"post","link":"https:\/\/nvnoticias.mx\/index.php\/2024\/09\/16\/la-imagen-de-la-mujer-en-los-medios-de-comunicacion-2\/","title":{"rendered":"La imagen de la mujer en los medios de comunicaci\u00f3n"},"content":{"rendered":"\n<p><\/p>\n\n\n\n<p><strong>Gladys P\u00e9rez Maldonado.<\/strong><\/p>\n\n\n\n<p>Los estereotipos son im\u00e1genes mentales que las personas construyen acerca de las otras, representaciones esquem\u00e1ticas y simplificadas de un grupo de gente al que se define a partir de ciertas caracter\u00edsticas representativas. Estas caracter\u00edsticas pueden ser ciertas o falsas pero, al consistir en una simplificaci\u00f3n extrema de una realidad compleja, los estereotipos siempre son interpretaciones limitadas e incompletas.<\/p>\n\n\n\n<p>Son construcciones sociales que adquirimos y asimilamos, asumi\u00e9ndolas como v\u00e1lidas; suelen transmitirse socialmente por generaciones y nos llevan a hacer afirmaciones generales, ya sean positivas, negativas o incluso neutras, sobre el grupo estereotipado.<\/p>\n\n\n\n<p>Suelen generar prejuicios, ya que inducen a prejuzgar, es decir, a emitir un juicio sin tener la suficiente informaci\u00f3n que lo sustente. Los prejuicios, como ideas preconcebidas, suelen basarse en rumores o en una supuesta experiencia previa de las personas que forman nuestro grupo. Solemos tener prejuicios favorables a los grupos con los que nos identificamos y prejuicios negativos hacia los que percibimos como diferentes.<\/p>\n\n\n\n<p>Los prejuicios van m\u00e1s all\u00e1 de la simple catalogaci\u00f3n de las personas ya que condicionan nuestra interacci\u00f3n con ellas. Siempre que actuamos guiados por nuestros prejuicios estamos siendo injustos, pues nos basamos en ideas preconcebidas sobre la otra persona, antes incluso de conocerla.<\/p>\n\n\n\n<p>Los prejuicios y los estereotipos suelen hacer referencia a la identidad de las personas y grupos, como el g\u00e9nero, la religi\u00f3n, la ideolog\u00eda pol\u00edtica, el origen \u00e9tnico, las ocupaciones, los niveles socioecon\u00f3micos, los gustos personales, la apariencia f\u00edsica, entre otras.<\/p>\n\n\n\n<p>Los estereotipos bloquean nuestra capacidad cr\u00edtica y facilitan que tengamos actitudes prejuiciosas, que pueden desencadenar en pr\u00e1cticas de discriminaci\u00f3n e intolerancia. (Fuente: <a href=\"http:\/\/www.myt.org.mx\">www.myt.org.mx<\/a> ).<\/p>\n\n\n\n<p>Durante el V Encuentro Feminista Latinoamericano y del Caribe en el a\u00f1o 1990, se decret\u00f3 establecer el 14 de septiembre como el <em>D\u00eda Latinoamericano de la Imagen de las Mujeres en los Medios de Comunicaci\u00f3n. <\/em>La elecci\u00f3n de la fecha se bas\u00f3 en solidaridad al d\u00eda que comenz\u00f3 a emitirse el programa radial \u201cViva Mar\u00eda\u201d, producido y conducido por la periodista Mara R\u00e9gia Di Perna en Brasil, el cual estuvo al aire durante una d\u00e9cada (1980-1990) y trataba sobre la problem\u00e1tica de g\u00e9nero y los derechos de las mujeres y fue censurado por el Gobierno brasile\u00f1o.<\/p>\n\n\n\n<p>La conmemoraci\u00f3n de esta fecha insta a los medios de comunicaci\u00f3n y publicitarios a proyectar a trav\u00e9s de las noticias y comerciales una imagen de la mujer libre de estereotipos y discriminaciones y por sobre todo, a mostrarla en su diversidad cultural, etnia, social y econ\u00f3mica, acorde a los avances logrados.<\/p>\n\n\n\n<p>Debemos resaltar que, al igual que los centros educativos y las familias, los medios de comunicaci\u00f3n son transmisores de modelos culturales sobre las relaciones de g\u00e9nero, influenciando as\u00ed parte de la construcci\u00f3n cotidiana del conjunto de actitudes, formas de pensar, de sentir, maneras de actuar; es decir, puede cambiar o perpetuar los roles y estereotipos.<\/p>\n\n\n\n<p>Es necesario llamar la atenci\u00f3n sobre el uso del lenguaje en los medios, promoviendo trato respetuoso, inclusivo y no sexista. Adem\u00e1s se debe evitar contratar anuncios de cualquier tipo, donde se refleje una imagen virtual, no real de las mujeres de cada pa\u00eds y que atenta contra la dignidad, la historia y los principios, se debe impulsar aspiraciones genuinas sobre el rol real de las mujeres.<\/p>\n\n\n\n<p>Se sostiene que se debe apelar y lograr que los medios de comunicaci\u00f3n presenten a las mujeres en su diversidad, sin reforzar estereotipos que las cosifiquen, hipersexualicen, ni invisibilicen.<\/p>\n\n\n\n<p>Adem\u00e1s, el periodismo con enfoque de g\u00e9nero es de suma urgencia para contribuir con la eliminaci\u00f3n de la desigualdad entre mujeres y hombres que a\u00fan permea en la sociedad.<\/p>\n\n\n\n<p>No podemos concluir esta emisi\u00f3n de <em>Alguien como t\u00fa <\/em>sin hacer la observaci\u00f3n que, el <em>D\u00eda latinoamericano<\/em> <em>de la Imagen de las Mujeres en los Medios de Comunicaci\u00f3n<\/em> en M\u00e9xico pas\u00f3 inadvertido, ya que no hubo menci\u00f3n alguna al respecto en los medios publicitarios y de informaci\u00f3n, ni tampoco el Instituto Nacional de las Mujeres que es el responsable de potencializar la igualdad sustantiva de las mujeres en el marco de esta conmemoraci\u00f3n, promovi\u00f3 las acciones pertinentes para erradicar los estereotipos de g\u00e9nero culturalmente enraizados en nuestro pa\u00eds\u2026as\u00ed las cosas\u2026<\/p>\n","protected":false},"excerpt":{"rendered":"<p>Gladys P\u00e9rez Maldonado. Los estereotipos son im\u00e1genes mentales que las personas construyen acerca de las otras, representaciones esquem\u00e1ticas y simplificadas de un grupo de gente al que se define a partir de ciertas caracter\u00edsticas representativas. Estas caracter\u00edsticas pueden ser ciertas o falsas pero, al consistir en una simplificaci\u00f3n extrema de una realidad compleja, los estereotipos [&hellip;]<\/p>\n","protected":false},"author":45,"featured_media":159792,"comment_status":"open","ping_status":"open","sticky":false,"template":"","format":"standard","meta":{"_monsterinsights_skip_tracking":false,"_monsterinsights_sitenote_active":false,"_monsterinsights_sitenote_note":"","_monsterinsights_sitenote_category":0,"footnotes":""},"categories":[15405],"tags":[15415],"class_list":["post-159791","post","type-post","status-publish","format-standard","has-post-thumbnail","hentry","category-alguien-como-tu","tag-gladys-perez-maldonado","wp-image-borders"],"amp_enabled":true,"_links":{"self":[{"href":"https:\/\/nvnoticias.mx\/index.php\/wp-json\/wp\/v2\/posts\/159791","targetHints":{"allow":["GET"]}}],"collection":[{"href":"https:\/\/nvnoticias.mx\/index.php\/wp-json\/wp\/v2\/posts"}],"about":[{"href":"https:\/\/nvnoticias.mx\/index.php\/wp-json\/wp\/v2\/types\/post"}],"author":[{"embeddable":true,"href":"https:\/\/nvnoticias.mx\/index.php\/wp-json\/wp\/v2\/users\/45"}],"replies":[{"embeddable":true,"href":"https:\/\/nvnoticias.mx\/index.php\/wp-json\/wp\/v2\/comments?post=159791"}],"version-history":[{"count":1,"href":"https:\/\/nvnoticias.mx\/index.php\/wp-json\/wp\/v2\/posts\/159791\/revisions"}],"predecessor-version":[{"id":159793,"href":"https:\/\/nvnoticias.mx\/index.php\/wp-json\/wp\/v2\/posts\/159791\/revisions\/159793"}],"wp:featuredmedia":[{"embeddable":true,"href":"https:\/\/nvnoticias.mx\/index.php\/wp-json\/wp\/v2\/media\/159792"}],"wp:attachment":[{"href":"https:\/\/nvnoticias.mx\/index.php\/wp-json\/wp\/v2\/media?parent=159791"}],"wp:term":[{"taxonomy":"category","embeddable":true,"href":"https:\/\/nvnoticias.mx\/index.php\/wp-json\/wp\/v2\/categories?post=159791"},{"taxonomy":"post_tag","embeddable":true,"href":"https:\/\/nvnoticias.mx\/index.php\/wp-json\/wp\/v2\/tags?post=159791"}],"curies":[{"name":"wp","href":"https:\/\/api.w.org\/{rel}","templated":true}]}}