{"id":159761,"date":"2024-09-15T17:04:11","date_gmt":"2024-09-15T23:04:11","guid":{"rendered":"https:\/\/nvnoticias.mx\/?p=159761"},"modified":"2024-09-15T17:04:13","modified_gmt":"2024-09-15T23:04:13","slug":"confiesa-canelo-alvarez-que-suena-con-algun-dia-pelear-en-japon","status":"publish","type":"post","link":"https:\/\/nvnoticias.mx\/index.php\/2024\/09\/15\/confiesa-canelo-alvarez-que-suena-con-algun-dia-pelear-en-japon\/","title":{"rendered":"Confiesa Canelo \u00c1lvarez que sue\u00f1a con alg\u00fan d\u00eda pelear en Jap\u00f3n"},"content":{"rendered":"\n<p><\/p>\n\n\n\n<p><strong>Sa\u00fal \u00b4Canelo&#8217; \u00c1lvarez&nbsp;<\/strong>al finalizar su pelea con&nbsp;<strong>Edgar Berlanga<\/strong>&nbsp;se\u00f1al\u00f3 que es &#8220;el mejor boxeador del mundo&#8221; al ver todo lo que ha logrado, principalmente manifestar con un triunfo m\u00e1s que es una autoridad en la categor\u00eda de los supermedianos.<\/p>\n\n\n\n<p>El mexicano ha logrado casi todo lo que se ha propuesto como boxeador, Canelo confes\u00f3 que le falta un sue\u00f1o por cumplir.<\/p>\n\n\n\n<p>&#8220;Me encantar\u00eda pelear en Jap\u00f3n&#8221;, coment\u00f3 tras el triunfo en la&nbsp;<strong>T-Mobile Arena<\/strong>.<\/p>\n\n\n\n<p>Sa\u00fal confes\u00f3 que este sue\u00f1o surge desde sus inicios en el boxeo profesional en el gimnasio de Chepo Reynoso.<\/p>\n\n\n\n<p>&#8220;Ese siempre ha sido un sue\u00f1o para m\u00ed, crec\u00ed con el Chololo Larios y lo vi pelear en Jap\u00f3n en videos, me encantar\u00eda alguna vez tener la oportunidad de pelear en Jap\u00f3n&#8221;, reiter\u00f3 el mexicano.<\/p>\n\n\n\n<p>Al respecto de aceptar pelear en el mercado de Arabia Saudita no lo descarta, todo depende de la cifra econ\u00f3mica que le ofrezcan.<\/p>\n\n\n\n<p>&#8220;Si me pagan lo que quiero para irme a otro lugar voy, sino sencillamente no ir\u00e9 a otros lugares&#8221;, coment\u00f3 Sa\u00fal.<\/p>\n\n\n\n<p>Canelo agreg\u00f3 que estar protagonizando peleas en Las Vegas le llena deportivamente porque &#8220;estoy peleando ante mi gente, en mi segunda casa, me siento muy c\u00f3modo haci\u00e9ndolo&#8221;.<\/p>\n\n\n\n<p>El propio pugilista se\u00f1al\u00f3 que ser\u00e1 el pr\u00f3ximo mayo cuando vuelva a subir al ring, de momento su prioridad es tomar un descanso y vacaciones con su familia.<\/p>\n\n\n\n<p>Fuente: <a href=\"https:\/\/www.eluniversal.com.mx\/deportes\/canelo-alvarez-confiesa-que-suena-con-algun-dia-pelear-en-japon\/\">El Universal<\/a><\/p>\n","protected":false},"excerpt":{"rendered":"<p>Sa\u00fal \u00b4Canelo&#8217; \u00c1lvarez&nbsp;al finalizar su pelea con&nbsp;Edgar Berlanga&nbsp;se\u00f1al\u00f3 que es &#8220;el mejor boxeador del mundo&#8221; al ver todo lo que ha logrado, principalmente manifestar con un triunfo m\u00e1s que es una autoridad en la categor\u00eda de los supermedianos. El mexicano ha logrado casi todo lo que se ha propuesto como boxeador, Canelo confes\u00f3 que le [&hellip;]<\/p>\n","protected":false},"author":6,"featured_media":17625,"comment_status":"open","ping_status":"open","sticky":false,"template":"","format":"standard","meta":{"_monsterinsights_skip_tracking":false,"_monsterinsights_sitenote_active":false,"_monsterinsights_sitenote_note":"","_monsterinsights_sitenote_category":0,"footnotes":""},"categories":[159],"tags":[459],"class_list":["post-159761","post","type-post","status-publish","format-standard","has-post-thumbnail","hentry","category-deportes","tag-canelo-alvarez","wp-image-borders"],"amp_enabled":true,"_links":{"self":[{"href":"https:\/\/nvnoticias.mx\/index.php\/wp-json\/wp\/v2\/posts\/159761","targetHints":{"allow":["GET"]}}],"collection":[{"href":"https:\/\/nvnoticias.mx\/index.php\/wp-json\/wp\/v2\/posts"}],"about":[{"href":"https:\/\/nvnoticias.mx\/index.php\/wp-json\/wp\/v2\/types\/post"}],"author":[{"embeddable":true,"href":"https:\/\/nvnoticias.mx\/index.php\/wp-json\/wp\/v2\/users\/6"}],"replies":[{"embeddable":true,"href":"https:\/\/nvnoticias.mx\/index.php\/wp-json\/wp\/v2\/comments?post=159761"}],"version-history":[{"count":1,"href":"https:\/\/nvnoticias.mx\/index.php\/wp-json\/wp\/v2\/posts\/159761\/revisions"}],"predecessor-version":[{"id":159762,"href":"https:\/\/nvnoticias.mx\/index.php\/wp-json\/wp\/v2\/posts\/159761\/revisions\/159762"}],"wp:featuredmedia":[{"embeddable":true,"href":"https:\/\/nvnoticias.mx\/index.php\/wp-json\/wp\/v2\/media\/17625"}],"wp:attachment":[{"href":"https:\/\/nvnoticias.mx\/index.php\/wp-json\/wp\/v2\/media?parent=159761"}],"wp:term":[{"taxonomy":"category","embeddable":true,"href":"https:\/\/nvnoticias.mx\/index.php\/wp-json\/wp\/v2\/categories?post=159761"},{"taxonomy":"post_tag","embeddable":true,"href":"https:\/\/nvnoticias.mx\/index.php\/wp-json\/wp\/v2\/tags?post=159761"}],"curies":[{"name":"wp","href":"https:\/\/api.w.org\/{rel}","templated":true}]}}