{"id":15971,"date":"2021-06-11T16:14:38","date_gmt":"2021-06-11T21:14:38","guid":{"rendered":"https:\/\/nvnoticias.mx\/?p=15971"},"modified":"2021-06-11T16:32:55","modified_gmt":"2021-06-11T21:32:55","slug":"advierten-por-alto-riesgo-en-laguna-verde","status":"publish","type":"post","link":"https:\/\/nvnoticias.mx\/index.php\/2021\/06\/11\/advierten-por-alto-riesgo-en-laguna-verde\/","title":{"rendered":"Advierten por alto riesgo en Laguna Verde"},"content":{"rendered":"\n<p><strong>Jes\u00fas Utrilla \/ NV Noticias<\/strong><\/p>\n\n\n\n<p>La Planta Nucleoel\u00e9ctrica de Laguna Verde trabaja al 50 por ciento de su capacidad pero adem\u00e1s bajo un peligro latente.<\/p>\n\n\n\n<p>Bernardo Salas Mar, F\u00edsico Matem\u00e1tico y extrabajador de la central, consider\u00f3 una fortuna que no se haya suscitado un accidente ya que su riesgo se ubica en color naranja.<\/p>\n\n\n\n<p>Sin embargo, advirti\u00f3 que si no se atiende lo que ocurre al interior pronto habr\u00e1 consecuencias graves no solamente para la regi\u00f3n ya que podr\u00eda alcanzar varios kil\u00f3metros.<\/p>\n\n\n\n<blockquote class=\"wp-block-quote is-layout-flow wp-block-quote-is-layout-flow\"><p><em>\u201cNo van a poder recuperar el cien por ciento de potencia de la planta a la brevedad, no s\u00e9 hasta cu\u00e1ndo, est\u00e1n trabajando al 50 por ciento y s\u00ed se pone muy fea la situaci\u00f3n van a tener que bajar la potencia.&nbsp; Parece que la situaci\u00f3n tiende a apagar la planta, pues podr\u00eda llegar a ser incosteable\u201d<\/em>.<\/p><\/blockquote>\n\n\n\n<p>Otros problemas es el bloqueo del agua de mar de enfriamiento, debido al abandono negligente y a las actividades de dragado.<\/p>\n\n\n\n<blockquote class=\"wp-block-quote is-layout-flow wp-block-quote-is-layout-flow\"><p><em>&#8220;Esto es que aunque necesita agua del mar para enfriar los condensadores no se puede completar satisfactoriamente el ciclo termodin\u00e1mico&#8221;<\/em>.&nbsp;<\/p><\/blockquote>\n\n\n\n<p>Para este s\u00e1bado se prev\u00e9 la visita del Consejo de Administraci\u00f3n de la Asociaci\u00f3n Mundial de Operadores Nucleares, por lo que exhort\u00f3 a que se revise minuciosamente la condici\u00f3n al interior de la planta.<\/p>\n","protected":false},"excerpt":{"rendered":"<p>Jes\u00fas Utrilla \/ NV Noticias La Planta Nucleoel\u00e9ctrica de Laguna Verde trabaja al 50 por ciento de su capacidad pero adem\u00e1s bajo un peligro latente. Bernardo Salas Mar, F\u00edsico Matem\u00e1tico y extrabajador de la central, consider\u00f3 una fortuna que no se haya suscitado un accidente ya que su riesgo se ubica en color naranja. Sin [&hellip;]<\/p>\n","protected":false},"author":7,"featured_media":15979,"comment_status":"open","ping_status":"open","sticky":false,"template":"","format":"standard","meta":{"_monsterinsights_skip_tracking":false,"_monsterinsights_sitenote_active":false,"_monsterinsights_sitenote_note":"","_monsterinsights_sitenote_category":0,"footnotes":""},"categories":[154],"tags":[4369,1465,192],"class_list":["post-15971","post","type-post","status-publish","format-standard","has-post-thumbnail","hentry","category-veracruz","tag-alto-riesgo","tag-electricidad","tag-laguna-verde","wp-image-borders"],"amp_enabled":true,"_links":{"self":[{"href":"https:\/\/nvnoticias.mx\/index.php\/wp-json\/wp\/v2\/posts\/15971","targetHints":{"allow":["GET"]}}],"collection":[{"href":"https:\/\/nvnoticias.mx\/index.php\/wp-json\/wp\/v2\/posts"}],"about":[{"href":"https:\/\/nvnoticias.mx\/index.php\/wp-json\/wp\/v2\/types\/post"}],"author":[{"embeddable":true,"href":"https:\/\/nvnoticias.mx\/index.php\/wp-json\/wp\/v2\/users\/7"}],"replies":[{"embeddable":true,"href":"https:\/\/nvnoticias.mx\/index.php\/wp-json\/wp\/v2\/comments?post=15971"}],"version-history":[{"count":2,"href":"https:\/\/nvnoticias.mx\/index.php\/wp-json\/wp\/v2\/posts\/15971\/revisions"}],"predecessor-version":[{"id":15980,"href":"https:\/\/nvnoticias.mx\/index.php\/wp-json\/wp\/v2\/posts\/15971\/revisions\/15980"}],"wp:featuredmedia":[{"embeddable":true,"href":"https:\/\/nvnoticias.mx\/index.php\/wp-json\/wp\/v2\/media\/15979"}],"wp:attachment":[{"href":"https:\/\/nvnoticias.mx\/index.php\/wp-json\/wp\/v2\/media?parent=15971"}],"wp:term":[{"taxonomy":"category","embeddable":true,"href":"https:\/\/nvnoticias.mx\/index.php\/wp-json\/wp\/v2\/categories?post=15971"},{"taxonomy":"post_tag","embeddable":true,"href":"https:\/\/nvnoticias.mx\/index.php\/wp-json\/wp\/v2\/tags?post=15971"}],"curies":[{"name":"wp","href":"https:\/\/api.w.org\/{rel}","templated":true}]}}