{"id":159492,"date":"2024-09-11T11:56:01","date_gmt":"2024-09-11T17:56:01","guid":{"rendered":"https:\/\/nvnoticias.mx\/?p=159492"},"modified":"2024-09-11T11:56:03","modified_gmt":"2024-09-11T17:56:03","slug":"vivimos-en-un-tiempo-donde-la-democracia-tiembla-en-diversos-lugares-del-mundo-ken-salazar","status":"publish","type":"post","link":"https:\/\/nvnoticias.mx\/index.php\/2024\/09\/11\/vivimos-en-un-tiempo-donde-la-democracia-tiembla-en-diversos-lugares-del-mundo-ken-salazar\/","title":{"rendered":"Vivimos en un tiempo donde la democracia tiembla en diversos lugares del mundo: Ken Salazar"},"content":{"rendered":"\n<p><strong>Ken Salazar<\/strong>, embajador de<strong>\u00a0Estados Unidos en M\u00e9xico<\/strong>, declar\u00f3 que vivimos en un tiempo donde &#8220;la\u00a0<strong>democracia tiembla en diversos lugares del mundo<\/strong>&#8220;.<\/p>\n\n\n\n<p>Al conmemorar este 11 de septiembre el&nbsp;<strong>atentado terrorista&nbsp;<\/strong>a las&nbsp;<strong>torres gemelas de Nueva York&nbsp;<\/strong>y al&nbsp;<strong>Pent\u00e1gono<\/strong>&nbsp;de hace 23 a\u00f1os y recordar a las v\u00edctimas, el embajador Salazar record\u00f3 la&nbsp;<strong>toma del Capitolio<\/strong>&nbsp;en Estados Unidos.<\/p>\n\n\n\n<blockquote class=\"wp-block-quote is-layout-flow wp-block-quote-is-layout-flow\">\n<p>&#8220;Vivimos en un tiempo tambi\u00e9n donde la democracia tiembla en diferentes lugares del mundo&#8221;, dijo.<\/p>\n<\/blockquote>\n\n\n\n<p>&#8220;Nunca en mi vida, en mi trabajo pol\u00edtico, pensaba que eso pod\u00eda pasar en el Capitolio de los Estados Unidos. En otros lugares del mundo se ve lo que pasa cuando una democracia no funciona, se ve en todas partes del mundo, incluso en Am\u00e9rica Latina&#8221;, agreg\u00f3 el embajador Ken Salazar.<\/p>\n\n\n\n<p>En la Embajada de Estados Unidos en la Ciudad de M\u00e9xico, el embajador reconoci\u00f3 al equipo de rescatistas mexicanos&nbsp;<strong>Los Topos<\/strong>, quienes ayudaron en las labores de rescate en los atentados de 2001 en las torres gemelas.<\/p>\n\n\n\n<p>Adem\u00e1s, destac\u00f3 la uni\u00f3n entre M\u00e9xico y Estados Unidos &#8220;como una familia para siempre&#8221;.<\/p>\n\n\n\n<p>&#8220;El sacrificio de Los Topos representa ese cari\u00f1o, esa unidad, esa devoci\u00f3n, a donde vamos. El camino hacia adelante todav\u00eda se tiene mucho que trabajar&#8221;, declar\u00f3.<\/p>\n\n\n\n<p>Fuente: <a href=\"https:\/\/www.eluniversal.com.mx\/nacion\/ken-salazar-vivimos-en-un-tiempo-donde-la-democracia-tiembla-en-diversos-lugares-del-mundo\/\" data-type=\"link\" data-id=\"https:\/\/www.eluniversal.com.mx\/nacion\/ken-salazar-vivimos-en-un-tiempo-donde-la-democracia-tiembla-en-diversos-lugares-del-mundo\/\">El Universal<\/a><\/p>\n","protected":false},"excerpt":{"rendered":"<p>Ken Salazar, embajador de\u00a0Estados Unidos en M\u00e9xico, declar\u00f3 que vivimos en un tiempo donde &#8220;la\u00a0democracia tiembla en diversos lugares del mundo&#8220;. Al conmemorar este 11 de septiembre el&nbsp;atentado terrorista&nbsp;a las&nbsp;torres gemelas de Nueva York&nbsp;y al&nbsp;Pent\u00e1gono&nbsp;de hace 23 a\u00f1os y recordar a las v\u00edctimas, el embajador Salazar record\u00f3 la&nbsp;toma del Capitolio&nbsp;en Estados Unidos. &#8220;Vivimos en un [&hellip;]<\/p>\n","protected":false},"author":35,"featured_media":46734,"comment_status":"open","ping_status":"open","sticky":false,"template":"","format":"standard","meta":{"_monsterinsights_skip_tracking":false,"_monsterinsights_sitenote_active":false,"_monsterinsights_sitenote_note":"","_monsterinsights_sitenote_category":0,"footnotes":""},"categories":[158],"tags":[5523],"class_list":["post-159492","post","type-post","status-publish","format-standard","has-post-thumbnail","hentry","category-politica","tag-ken-salazar","wp-image-borders"],"amp_enabled":true,"_links":{"self":[{"href":"https:\/\/nvnoticias.mx\/index.php\/wp-json\/wp\/v2\/posts\/159492","targetHints":{"allow":["GET"]}}],"collection":[{"href":"https:\/\/nvnoticias.mx\/index.php\/wp-json\/wp\/v2\/posts"}],"about":[{"href":"https:\/\/nvnoticias.mx\/index.php\/wp-json\/wp\/v2\/types\/post"}],"author":[{"embeddable":true,"href":"https:\/\/nvnoticias.mx\/index.php\/wp-json\/wp\/v2\/users\/35"}],"replies":[{"embeddable":true,"href":"https:\/\/nvnoticias.mx\/index.php\/wp-json\/wp\/v2\/comments?post=159492"}],"version-history":[{"count":1,"href":"https:\/\/nvnoticias.mx\/index.php\/wp-json\/wp\/v2\/posts\/159492\/revisions"}],"predecessor-version":[{"id":159493,"href":"https:\/\/nvnoticias.mx\/index.php\/wp-json\/wp\/v2\/posts\/159492\/revisions\/159493"}],"wp:featuredmedia":[{"embeddable":true,"href":"https:\/\/nvnoticias.mx\/index.php\/wp-json\/wp\/v2\/media\/46734"}],"wp:attachment":[{"href":"https:\/\/nvnoticias.mx\/index.php\/wp-json\/wp\/v2\/media?parent=159492"}],"wp:term":[{"taxonomy":"category","embeddable":true,"href":"https:\/\/nvnoticias.mx\/index.php\/wp-json\/wp\/v2\/categories?post=159492"},{"taxonomy":"post_tag","embeddable":true,"href":"https:\/\/nvnoticias.mx\/index.php\/wp-json\/wp\/v2\/tags?post=159492"}],"curies":[{"name":"wp","href":"https:\/\/api.w.org\/{rel}","templated":true}]}}