{"id":159422,"date":"2024-09-10T15:09:53","date_gmt":"2024-09-10T21:09:53","guid":{"rendered":"https:\/\/nvnoticias.mx\/?p=159422"},"modified":"2024-09-10T15:09:55","modified_gmt":"2024-09-10T21:09:55","slug":"miguel-angel-yunes-marquez-solicito-licencia-para-separarse-del-cargo-por-problemas-de-salud","status":"publish","type":"post","link":"https:\/\/nvnoticias.mx\/index.php\/2024\/09\/10\/miguel-angel-yunes-marquez-solicito-licencia-para-separarse-del-cargo-por-problemas-de-salud\/","title":{"rendered":"Miguel \u00c1ngel Yunes M\u00e1rquez solicit\u00f3 licencia para separarse del cargo \u201cpor problemas de salud\u201d"},"content":{"rendered":"\n<p><strong>Miguel \u00c1ngel Yunes M\u00e1rquez<\/strong>, senador de<strong>\u00a0Acci\u00f3n Nacional<\/strong>, solicit\u00f3 licencia para separarse del cargo \u201cpor problemas de salud\u201d, en el marco de la discusi\u00f3n y votaci\u00f3n de la\u00a0<strong>reforma judicial.<\/strong><\/p>\n\n\n\n<p>Durante la sesi\u00f3n ordinaria, Yunes M\u00e1rquez emiti\u00f3 una comunicaci\u00f3n en la que garantiz\u00f3 que presentar\u00e1 los comprobantes m\u00e9dicos para comprobar sus afectaciones de salud. De inmediato, se llamara a su suplente,\u00a0<strong>Miguel \u00c1ngel Yunes Linares<\/strong>, su padre.<\/p>\n\n\n\n<p>El Senado aprob\u00f3, con 83 votos a favor y 36 en contra, la licencia del senador para separarse del cargo por tiempo indefinido.<\/p>\n\n\n\n<p>El panista\u00a0<strong>Marko Cort\u00e9s<\/strong>\u00a0denunci\u00f3 en tribuna que las presiones y amenazas en contra de \u00e9l y su familia por parte del gobierno federal derivaron en esta licencia.<\/p>\n\n\n\n<p>Fuente:<a href=\"https:\/\/www.eluniversal.com.mx\/nacion\/reforma-judicial-miguel-angel-yunes-solicita-licencia-para-separarse-como-senador-por-problemas-de-salud\/\" data-type=\"link\" data-id=\"https:\/\/www.eluniversal.com.mx\/nacion\/reforma-judicial-miguel-angel-yunes-solicita-licencia-para-separarse-como-senador-por-problemas-de-salud\/\"> El Universal<\/a><\/p>\n","protected":false},"excerpt":{"rendered":"<p>Miguel \u00c1ngel Yunes M\u00e1rquez, senador de\u00a0Acci\u00f3n Nacional, solicit\u00f3 licencia para separarse del cargo \u201cpor problemas de salud\u201d, en el marco de la discusi\u00f3n y votaci\u00f3n de la\u00a0reforma judicial. Durante la sesi\u00f3n ordinaria, Yunes M\u00e1rquez emiti\u00f3 una comunicaci\u00f3n en la que garantiz\u00f3 que presentar\u00e1 los comprobantes m\u00e9dicos para comprobar sus afectaciones de salud. De inmediato, se [&hellip;]<\/p>\n","protected":false},"author":35,"featured_media":159423,"comment_status":"open","ping_status":"open","sticky":false,"template":"","format":"standard","meta":{"_monsterinsights_skip_tracking":false,"_monsterinsights_sitenote_active":false,"_monsterinsights_sitenote_note":"","_monsterinsights_sitenote_category":0,"footnotes":""},"categories":[158],"tags":[1003,162],"class_list":["post-159422","post","type-post","status-publish","format-standard","has-post-thumbnail","hentry","category-politica","tag-miguel-angel-yunes-marquez","tag-portada","wp-image-borders"],"amp_enabled":true,"_links":{"self":[{"href":"https:\/\/nvnoticias.mx\/index.php\/wp-json\/wp\/v2\/posts\/159422","targetHints":{"allow":["GET"]}}],"collection":[{"href":"https:\/\/nvnoticias.mx\/index.php\/wp-json\/wp\/v2\/posts"}],"about":[{"href":"https:\/\/nvnoticias.mx\/index.php\/wp-json\/wp\/v2\/types\/post"}],"author":[{"embeddable":true,"href":"https:\/\/nvnoticias.mx\/index.php\/wp-json\/wp\/v2\/users\/35"}],"replies":[{"embeddable":true,"href":"https:\/\/nvnoticias.mx\/index.php\/wp-json\/wp\/v2\/comments?post=159422"}],"version-history":[{"count":1,"href":"https:\/\/nvnoticias.mx\/index.php\/wp-json\/wp\/v2\/posts\/159422\/revisions"}],"predecessor-version":[{"id":159425,"href":"https:\/\/nvnoticias.mx\/index.php\/wp-json\/wp\/v2\/posts\/159422\/revisions\/159425"}],"wp:featuredmedia":[{"embeddable":true,"href":"https:\/\/nvnoticias.mx\/index.php\/wp-json\/wp\/v2\/media\/159423"}],"wp:attachment":[{"href":"https:\/\/nvnoticias.mx\/index.php\/wp-json\/wp\/v2\/media?parent=159422"}],"wp:term":[{"taxonomy":"category","embeddable":true,"href":"https:\/\/nvnoticias.mx\/index.php\/wp-json\/wp\/v2\/categories?post=159422"},{"taxonomy":"post_tag","embeddable":true,"href":"https:\/\/nvnoticias.mx\/index.php\/wp-json\/wp\/v2\/tags?post=159422"}],"curies":[{"name":"wp","href":"https:\/\/api.w.org\/{rel}","templated":true}]}}