{"id":159334,"date":"2024-09-09T20:04:13","date_gmt":"2024-09-10T02:04:13","guid":{"rendered":"https:\/\/nvnoticias.mx\/?p=159334"},"modified":"2024-09-09T20:04:15","modified_gmt":"2024-09-10T02:04:15","slug":"fallece-james-earl-jones-la-iconica-voz-de-darth-vader-y-mufasa-a-los-93-anos","status":"publish","type":"post","link":"https:\/\/nvnoticias.mx\/index.php\/2024\/09\/09\/fallece-james-earl-jones-la-iconica-voz-de-darth-vader-y-mufasa-a-los-93-anos\/","title":{"rendered":"Fallece James Earl Jones, la ic\u00f3nica voz de Darth Vader y Mufasa, a los 93 a\u00f1os"},"content":{"rendered":"\n<p><\/p>\n\n\n\n<p>El actor&nbsp;<strong>James Earl Jones<\/strong>, reconocido mundialmente por su distintiva&nbsp;<strong>voz<\/strong>&nbsp;que dio vida a personajes como&nbsp;<strong>Darth Vader<\/strong>&nbsp;en&nbsp;<em>Star Wars<\/em>&nbsp;y&nbsp;<strong>Mufasa<\/strong>&nbsp;en&nbsp;<em>El Rey Le\u00f3n<\/em>, falleci\u00f3 este lunes a los 93 a\u00f1os.<\/p>\n\n\n\n<p>Con una\u00a0<strong>carrera<\/strong>\u00a0que abarc\u00f3 m\u00e1s de seis d\u00e9cadas, Jones se consolid\u00f3 como uno de los\u00a0<strong>actores<\/strong>\u00a0m\u00e1s influyentes y respetados de su generaci\u00f3n.<\/p>\n\n\n\n<p>Su profunda&nbsp;<strong>voz<\/strong>, que transmit\u00eda&nbsp;<strong>autoridad<\/strong>&nbsp;y emoci\u00f3n, no solo dej\u00f3 una huella imborrable en el&nbsp;<strong>cine<\/strong>, sino tambi\u00e9n en el&nbsp;<strong>teatro<\/strong>&nbsp;y la televisi\u00f3n.<\/p>\n\n\n\n<p>A lo largo de su\u00a0<strong>carrera<\/strong>, particip\u00f3 en m\u00e1s de\u00a0<strong>80\u00a0pel\u00edculas<\/strong>, incluyendo t\u00edtulos como\u00a0<em>Conan el B\u00e1rbaro<\/em>\u00a0y\u00a0<em>El campo de los sue\u00f1os<\/em>, adem\u00e1s de prestar su\u00a0<strong>voz<\/strong>\u00a0para el lema de\u00a0<strong>CNN<\/strong>: &#8220;This is\u00a0<strong>CNN<\/strong>&#8220;.<\/p>\n\n\n\n<p><strong>James Earl Jones<\/strong>&nbsp;no solo ser\u00e1 recordado por su&nbsp;<strong>voz<\/strong>&nbsp;ic\u00f3nica, sino tambi\u00e9n por su versatilidad actoral.<\/p>\n\n\n\n<p>Aunque es mayormente reconocido por prestar su&nbsp;<strong>voz<\/strong>&nbsp;a&nbsp;<strong>Darth Vader<\/strong>, fue su interpretaci\u00f3n de&nbsp;<strong>Mufasa<\/strong>&nbsp;en la pel\u00edcula animada de Disney&nbsp;<em><strong>El Rey Le\u00f3n<\/strong><\/em>&nbsp;la que tambi\u00e9n cautiv\u00f3 a una generaci\u00f3n entera.<\/p>\n\n\n\n<p>Incluso, volvi\u00f3 a interpretar al rey le\u00f3n en el&nbsp;<strong>remake de 2019<\/strong>, siendo el \u00fanico miembro del elenco original en regresar para la nueva versi\u00f3n.<\/p>\n\n\n\n<p>Jones debut\u00f3 en el&nbsp;<strong>cine<\/strong>&nbsp;bajo la direcci\u00f3n de&nbsp;<strong>Stanley Kubrick<\/strong>&nbsp;en 1964 con&nbsp;<em><strong>Dr. Ins\u00f3lito<\/strong><\/em>, y r\u00e1pidamente se gan\u00f3 un lugar en la industria del entretenimiento.<\/p>\n\n\n\n<p>A lo largo de su\u00a0<strong>carrera<\/strong>, fue nominado a un\u00a0<strong>Premio Oscar<\/strong>\u00a0por su papel en\u00a0<em>The Great White Hope<\/em>\u00a0y gan\u00f3\u00a0<strong>tres\u00a0Premios Tony<\/strong>\u00a0y\u00a0<strong>dos Premios Emmy<\/strong>, consolidando su estatus como uno de los\u00a0<strong>actores<\/strong>\u00a0m\u00e1s respetados en el mundo del espect\u00e1culo.<\/p>\n\n\n\n<p><\/p>\n","protected":false},"excerpt":{"rendered":"<p>El actor&nbsp;James Earl Jones, reconocido mundialmente por su distintiva&nbsp;voz&nbsp;que dio vida a personajes como&nbsp;Darth Vader&nbsp;en&nbsp;Star Wars&nbsp;y&nbsp;Mufasa&nbsp;en&nbsp;El Rey Le\u00f3n, falleci\u00f3 este lunes a los 93 a\u00f1os. Con una\u00a0carrera\u00a0que abarc\u00f3 m\u00e1s de seis d\u00e9cadas, Jones se consolid\u00f3 como uno de los\u00a0actores\u00a0m\u00e1s influyentes y respetados de su generaci\u00f3n. Su profunda&nbsp;voz, que transmit\u00eda&nbsp;autoridad&nbsp;y emoci\u00f3n, no solo dej\u00f3 una huella [&hellip;]<\/p>\n","protected":false},"author":8,"featured_media":159335,"comment_status":"open","ping_status":"open","sticky":false,"template":"","format":"standard","meta":{"_monsterinsights_skip_tracking":false,"_monsterinsights_sitenote_active":false,"_monsterinsights_sitenote_note":"","_monsterinsights_sitenote_category":0,"footnotes":""},"categories":[576],"tags":[751,30879],"class_list":["post-159334","post","type-post","status-publish","format-standard","has-post-thumbnail","hentry","category-ocio","tag-fallecimiento","tag-james-earl-jones","wp-image-borders"],"amp_enabled":true,"_links":{"self":[{"href":"https:\/\/nvnoticias.mx\/index.php\/wp-json\/wp\/v2\/posts\/159334","targetHints":{"allow":["GET"]}}],"collection":[{"href":"https:\/\/nvnoticias.mx\/index.php\/wp-json\/wp\/v2\/posts"}],"about":[{"href":"https:\/\/nvnoticias.mx\/index.php\/wp-json\/wp\/v2\/types\/post"}],"author":[{"embeddable":true,"href":"https:\/\/nvnoticias.mx\/index.php\/wp-json\/wp\/v2\/users\/8"}],"replies":[{"embeddable":true,"href":"https:\/\/nvnoticias.mx\/index.php\/wp-json\/wp\/v2\/comments?post=159334"}],"version-history":[{"count":1,"href":"https:\/\/nvnoticias.mx\/index.php\/wp-json\/wp\/v2\/posts\/159334\/revisions"}],"predecessor-version":[{"id":159336,"href":"https:\/\/nvnoticias.mx\/index.php\/wp-json\/wp\/v2\/posts\/159334\/revisions\/159336"}],"wp:featuredmedia":[{"embeddable":true,"href":"https:\/\/nvnoticias.mx\/index.php\/wp-json\/wp\/v2\/media\/159335"}],"wp:attachment":[{"href":"https:\/\/nvnoticias.mx\/index.php\/wp-json\/wp\/v2\/media?parent=159334"}],"wp:term":[{"taxonomy":"category","embeddable":true,"href":"https:\/\/nvnoticias.mx\/index.php\/wp-json\/wp\/v2\/categories?post=159334"},{"taxonomy":"post_tag","embeddable":true,"href":"https:\/\/nvnoticias.mx\/index.php\/wp-json\/wp\/v2\/tags?post=159334"}],"curies":[{"name":"wp","href":"https:\/\/api.w.org\/{rel}","templated":true}]}}