{"id":159216,"date":"2024-09-08T06:42:00","date_gmt":"2024-09-08T12:42:00","guid":{"rendered":"https:\/\/nvnoticias.mx\/?p=159216"},"modified":"2024-09-07T23:43:45","modified_gmt":"2024-09-08T05:43:45","slug":"norma-pina-se-une-a-protesta-contra-reforma-judicial","status":"publish","type":"post","link":"https:\/\/nvnoticias.mx\/index.php\/2024\/09\/08\/norma-pina-se-une-a-protesta-contra-reforma-judicial\/","title":{"rendered":"Norma Pi\u00f1a se une a protesta contra reforma judicial"},"content":{"rendered":"\n<p>Norma Pi\u00f1a, ministra presidenta de la Suprema Corte de Justicia de la Naci\u00f3n, acudi\u00f3 para apoyar a los trabajadores del Poder Judicial que mantienen bloqueados los accesos de la C\u00e1mara de Diputados, desde el pasado martes 3 de septiembre.<\/p>\n\n\n\n<p>\u201cEl Poder Judicial no va a caer\u201d y \u201cEse apoyo s\u00ed se ve\u201d fueron las consignas que core\u00f3 la ministra junto con los trabajadores que se mantienen en el acceso que se encuentra sobre la calle Zapata.<\/p>\n\n\n\n<p>Vestida con una playera blanca, con los escudos de la SCJN y el Consejo de la Judicatura de la Federaci\u00f3n (CJF), march\u00f3 desde la avenida Eduardo Molina hasta la entrada de personal de la C\u00e1mara de Diputados, en donde se mantienen concentrados los voceros de los trabajadores.<\/p>\n\n\n\n<p>A su vez, los manifestantes le mostraron su apoyo a la ministra presidenta, que ayer abri\u00f3 a consulta de los ministros de la Suprema Corte si se puede ordenar la suspensi\u00f3n del proceso legislativo de la reforma judicial.<\/p>\n\n\n\n<p>\u201cNo est\u00e1s sola, no est\u00e1s sola\u201d y \u201cSe ve, se siente, la ministra est\u00e1 presente\u201d, son las porras con las que la recibieron los trabajadores en paro, y que impidieron que los diputados sesionaran en San L\u00e1zaro el pasado 3 de septiembre, por lo que tuvieron que hacerlo en una sede alterna, en la Sala de Armas del Deportivo Magdalena Mixhuca.<\/p>\n\n\n\n<p>Tras visitar a los trabajadores del Poder Judicial de la Federaci\u00f3n (PJF) que mantienen bloqueados los accesos a la C\u00e1mara de Diputados, la presidenta de la Suprema Corte de Justicia de la Naci\u00f3n (SCJN), Norma Luc\u00eda Pi\u00f1a Hern\u00e1ndez, hizo lo propio con los que se encuentran en paro en las instalaciones de la instituci\u00f3n ubicadas en Perif\u00e9rico Sur a la altura de Las Flores.<\/p>\n\n\n\n<p>Fuente: El Universal<br>https:\/\/www.eluniversal.com.mx\/nacion\/norma-pina-presidenta-de-la-corte-se-suma-a-protesta-contra-reforma-judicial\/<\/p>\n","protected":false},"excerpt":{"rendered":"<p>Norma Pi\u00f1a, ministra presidenta de la Suprema Corte de Justicia de la Naci\u00f3n, acudi\u00f3 para apoyar a los trabajadores del Poder Judicial que mantienen bloqueados los accesos de la C\u00e1mara de Diputados, desde el pasado martes 3 de septiembre. \u201cEl Poder Judicial no va a caer\u201d y \u201cEse apoyo s\u00ed se ve\u201d fueron las consignas [&hellip;]<\/p>\n","protected":false},"author":35,"featured_media":159217,"comment_status":"open","ping_status":"open","sticky":false,"template":"","format":"standard","meta":{"_monsterinsights_skip_tracking":false,"_monsterinsights_sitenote_active":false,"_monsterinsights_sitenote_note":"","_monsterinsights_sitenote_category":0,"footnotes":""},"categories":[158],"tags":[22241,30269],"class_list":["post-159216","post","type-post","status-publish","format-standard","has-post-thumbnail","hentry","category-politica","tag-norma-pina","tag-reforma-judicial","wp-image-borders"],"amp_enabled":true,"_links":{"self":[{"href":"https:\/\/nvnoticias.mx\/index.php\/wp-json\/wp\/v2\/posts\/159216","targetHints":{"allow":["GET"]}}],"collection":[{"href":"https:\/\/nvnoticias.mx\/index.php\/wp-json\/wp\/v2\/posts"}],"about":[{"href":"https:\/\/nvnoticias.mx\/index.php\/wp-json\/wp\/v2\/types\/post"}],"author":[{"embeddable":true,"href":"https:\/\/nvnoticias.mx\/index.php\/wp-json\/wp\/v2\/users\/35"}],"replies":[{"embeddable":true,"href":"https:\/\/nvnoticias.mx\/index.php\/wp-json\/wp\/v2\/comments?post=159216"}],"version-history":[{"count":1,"href":"https:\/\/nvnoticias.mx\/index.php\/wp-json\/wp\/v2\/posts\/159216\/revisions"}],"predecessor-version":[{"id":159218,"href":"https:\/\/nvnoticias.mx\/index.php\/wp-json\/wp\/v2\/posts\/159216\/revisions\/159218"}],"wp:featuredmedia":[{"embeddable":true,"href":"https:\/\/nvnoticias.mx\/index.php\/wp-json\/wp\/v2\/media\/159217"}],"wp:attachment":[{"href":"https:\/\/nvnoticias.mx\/index.php\/wp-json\/wp\/v2\/media?parent=159216"}],"wp:term":[{"taxonomy":"category","embeddable":true,"href":"https:\/\/nvnoticias.mx\/index.php\/wp-json\/wp\/v2\/categories?post=159216"},{"taxonomy":"post_tag","embeddable":true,"href":"https:\/\/nvnoticias.mx\/index.php\/wp-json\/wp\/v2\/tags?post=159216"}],"curies":[{"name":"wp","href":"https:\/\/api.w.org\/{rel}","templated":true}]}}