{"id":159211,"date":"2024-09-08T06:37:00","date_gmt":"2024-09-08T12:37:00","guid":{"rendered":"https:\/\/nvnoticias.mx\/?p=159211"},"modified":"2024-09-07T23:38:28","modified_gmt":"2024-09-08T05:38:28","slug":"revoca-venezuela-de-manera-inmediata-permiso-a-brasil-para-representar-a-argentina","status":"publish","type":"post","link":"https:\/\/nvnoticias.mx\/index.php\/2024\/09\/08\/revoca-venezuela-de-manera-inmediata-permiso-a-brasil-para-representar-a-argentina\/","title":{"rendered":"Revoca Venezuela de &#8220;manera inmediata&#8221; permiso a Brasil para representar a Argentina"},"content":{"rendered":"\n<p>Venezuela revoc\u00f3 este s\u00e1bado el permiso otorgado al gobierno de Brasil para representar a la embajada de Argentina en Caracas, donde permanecen refugiados seis colaboradores de la l\u00edder opositora Mar\u00eda Corina Machado que denunciaron en la v\u00edspera el asedio a la embajada, inform\u00f3 la canciller\u00eda en un comunicado.<\/p>\n\n\n\n<p>&#8220;Venezuela ha tomado la decisi\u00f3n de revocar, de manera inmediata, el benepl\u00e1cito otorgado al Gobierno de Brasil para ejercer la representaci\u00f3n de los intereses de Argentina y sus nacionales en territorio venezolano, as\u00ed como la custodia de los locales de la misi\u00f3n diplom\u00e1tica incluido sus bienes y archivos&#8221;, indic\u00f3 el texto divulgado por el canciller venezolano, Yv\u00e1n Gil.<\/p>\n\n\n\n<p>Seg\u00fan un comunicado el Ejecutivo, &#8220;Venezuela se ve obligada a tomar esta decisi\u00f3n motivada por las pruebas que se tienen sobre el uso de las instalaciones de esa misi\u00f3n diplom\u00e1tica para la planificaci\u00f3n de actividades terroristas e intentos de magnicidio&#8221; contra el presidente, Nicol\u00e1s Maduro Moros, y la vicepresidenta ejecutiva, Delcy Rodr\u00edguez.<\/p>\n\n\n\n<p>El medio brasile\u00f1o O Globo hab\u00eda informado que Venezuela inform\u00f3 a Brasil que le revoc\u00f3 la autorizaci\u00f3n para representar los intereses argentinos en el pa\u00eds.<\/p>\n\n\n\n<p>El medio record\u00f3 que el primero en informar el hecho fue el periodista Alejandro Hern\u00e1ndez, lo que despu\u00e9s fue confirmado a O Globo por una fuente del gobierno brasile\u00f1o en suelo venezolano.<\/p>\n\n\n\n<p>De acuerdo con la fuente, la nota venezolana lleg\u00f3 oficialmente a Brasil, que respondi\u00f3, siempre de acuerdo con O Globo.<\/p>\n\n\n\n<p>A\u00f1adi\u00f3 que la revocaci\u00f3n se hizo unilateralmente y Brasil seguir\u00e1 al cuidado de la Embajada &#8220;hasta que otro pa\u00eds se apodere&#8221; del lugar.<\/p>\n\n\n\n<p>Fuente: El Universal<br>https:\/\/www.eluniversal.com.mx\/mundo\/maduro-suspende-unilateralmente-la-custodia-de-brasil-sobre-la-embajada-argentina-en-caracas-reportan\/<\/p>\n","protected":false},"excerpt":{"rendered":"<p>Venezuela revoc\u00f3 este s\u00e1bado el permiso otorgado al gobierno de Brasil para representar a la embajada de Argentina en Caracas, donde permanecen refugiados seis colaboradores de la l\u00edder opositora Mar\u00eda Corina Machado que denunciaron en la v\u00edspera el asedio a la embajada, inform\u00f3 la canciller\u00eda en un comunicado. &#8220;Venezuela ha tomado la decisi\u00f3n de revocar, [&hellip;]<\/p>\n","protected":false},"author":35,"featured_media":55188,"comment_status":"open","ping_status":"open","sticky":false,"template":"","format":"standard","meta":{"_monsterinsights_skip_tracking":false,"_monsterinsights_sitenote_active":false,"_monsterinsights_sitenote_note":"","_monsterinsights_sitenote_category":0,"footnotes":""},"categories":[181],"tags":[259,1540],"class_list":["post-159211","post","type-post","status-publish","format-standard","has-post-thumbnail","hentry","category-internacional","tag-argentina","tag-venezuela","wp-image-borders"],"amp_enabled":true,"_links":{"self":[{"href":"https:\/\/nvnoticias.mx\/index.php\/wp-json\/wp\/v2\/posts\/159211","targetHints":{"allow":["GET"]}}],"collection":[{"href":"https:\/\/nvnoticias.mx\/index.php\/wp-json\/wp\/v2\/posts"}],"about":[{"href":"https:\/\/nvnoticias.mx\/index.php\/wp-json\/wp\/v2\/types\/post"}],"author":[{"embeddable":true,"href":"https:\/\/nvnoticias.mx\/index.php\/wp-json\/wp\/v2\/users\/35"}],"replies":[{"embeddable":true,"href":"https:\/\/nvnoticias.mx\/index.php\/wp-json\/wp\/v2\/comments?post=159211"}],"version-history":[{"count":1,"href":"https:\/\/nvnoticias.mx\/index.php\/wp-json\/wp\/v2\/posts\/159211\/revisions"}],"predecessor-version":[{"id":159212,"href":"https:\/\/nvnoticias.mx\/index.php\/wp-json\/wp\/v2\/posts\/159211\/revisions\/159212"}],"wp:featuredmedia":[{"embeddable":true,"href":"https:\/\/nvnoticias.mx\/index.php\/wp-json\/wp\/v2\/media\/55188"}],"wp:attachment":[{"href":"https:\/\/nvnoticias.mx\/index.php\/wp-json\/wp\/v2\/media?parent=159211"}],"wp:term":[{"taxonomy":"category","embeddable":true,"href":"https:\/\/nvnoticias.mx\/index.php\/wp-json\/wp\/v2\/categories?post=159211"},{"taxonomy":"post_tag","embeddable":true,"href":"https:\/\/nvnoticias.mx\/index.php\/wp-json\/wp\/v2\/tags?post=159211"}],"curies":[{"name":"wp","href":"https:\/\/api.w.org\/{rel}","templated":true}]}}