{"id":159154,"date":"2024-09-06T16:23:59","date_gmt":"2024-09-06T22:23:59","guid":{"rendered":"https:\/\/nvnoticias.mx\/?p=159154"},"modified":"2024-09-06T16:24:01","modified_gmt":"2024-09-06T22:24:01","slug":"sistema-municipal-de-proteccion-civil-en-guardia-permanente","status":"publish","type":"post","link":"https:\/\/nvnoticias.mx\/index.php\/2024\/09\/06\/sistema-municipal-de-proteccion-civil-en-guardia-permanente\/","title":{"rendered":"Sistema Municipal de Protecci\u00f3n Civil, en guardia permanente"},"content":{"rendered":"\n<p>Por instrucciones del presidente municipal Ricardo Ahued Bardahuil, a partir de esta tarde se instala de forma permanente el Sistema Municipal de Protecci\u00f3n Civil con guardias las 24 horas del d\u00eda; esto, derivado del ingreso del Frente Fr\u00edo 1 y una Onda Tropical que permanece al sur de Yucat\u00e1n, eventos que podr\u00edan generar precipitaciones pluviales importantes este fin de semana.<\/p>\n\n\n\n<p>En este sentido, los titulares de las \u00e1reas operativas del Ayuntamiento, entre las que destacan las direcciones de Protecci\u00f3n Civil, Obras P\u00fablicas, Medio Ambiente, Alumbrado P\u00fablico, el DIF Municipal y la Comisi\u00f3n Municipal de Agua Potable y Saneamiento (CMAS), deber\u00e1n permanecer en sus oficinas con guardias de personal, con el fin de atender a la ciudadan\u00eda que lo requiera.<\/p>\n\n\n\n<p>Adem\u00e1s, por la situaci\u00f3n de riesgo que se tiene en la colonia 9 de Abril, se mantendr\u00e1 vigilancia en la zona, puesto que se pronostican lluvias de 60 a 80 mil\u00edmetros en la regi\u00f3n de Xalapa desde hoy y hasta el domingo.<\/p>\n\n\n\n<figure class=\"wp-block-image size-large\"><img loading=\"lazy\" decoding=\"async\" width=\"1024\" height=\"682\" src=\"https:\/\/nvnoticias.mx\/wp-content\/uploads\/2024\/09\/image-31-1024x682.png\" alt=\"\" class=\"wp-image-159155\" srcset=\"https:\/\/nvnoticias.mx\/wp-content\/uploads\/2024\/09\/image-31-1024x682.png 1024w, https:\/\/nvnoticias.mx\/wp-content\/uploads\/2024\/09\/image-31-300x200.png 300w, https:\/\/nvnoticias.mx\/wp-content\/uploads\/2024\/09\/image-31-768x512.png 768w, https:\/\/nvnoticias.mx\/wp-content\/uploads\/2024\/09\/image-31-1536x1024.png 1536w, https:\/\/nvnoticias.mx\/wp-content\/uploads\/2024\/09\/image-31-2048x1365.png 2048w\" sizes=\"auto, (max-width: 1024px) 100vw, 1024px\" \/><\/figure>\n","protected":false},"excerpt":{"rendered":"<p>Por instrucciones del presidente municipal Ricardo Ahued Bardahuil, a partir de esta tarde se instala de forma permanente el Sistema Municipal de Protecci\u00f3n Civil con guardias las 24 horas del d\u00eda; esto, derivado del ingreso del Frente Fr\u00edo 1 y una Onda Tropical que permanece al sur de Yucat\u00e1n, eventos que podr\u00edan generar precipitaciones pluviales [&hellip;]<\/p>\n","protected":false},"author":35,"featured_media":159155,"comment_status":"open","ping_status":"open","sticky":false,"template":"","format":"standard","meta":{"_monsterinsights_skip_tracking":false,"_monsterinsights_sitenote_active":false,"_monsterinsights_sitenote_note":"","_monsterinsights_sitenote_category":0,"footnotes":""},"categories":[156],"tags":[2257],"class_list":["post-159154","post","type-post","status-publish","format-standard","has-post-thumbnail","hentry","category-estado","tag-proteccion-civil","wp-image-borders"],"amp_enabled":true,"_links":{"self":[{"href":"https:\/\/nvnoticias.mx\/index.php\/wp-json\/wp\/v2\/posts\/159154","targetHints":{"allow":["GET"]}}],"collection":[{"href":"https:\/\/nvnoticias.mx\/index.php\/wp-json\/wp\/v2\/posts"}],"about":[{"href":"https:\/\/nvnoticias.mx\/index.php\/wp-json\/wp\/v2\/types\/post"}],"author":[{"embeddable":true,"href":"https:\/\/nvnoticias.mx\/index.php\/wp-json\/wp\/v2\/users\/35"}],"replies":[{"embeddable":true,"href":"https:\/\/nvnoticias.mx\/index.php\/wp-json\/wp\/v2\/comments?post=159154"}],"version-history":[{"count":1,"href":"https:\/\/nvnoticias.mx\/index.php\/wp-json\/wp\/v2\/posts\/159154\/revisions"}],"predecessor-version":[{"id":159156,"href":"https:\/\/nvnoticias.mx\/index.php\/wp-json\/wp\/v2\/posts\/159154\/revisions\/159156"}],"wp:featuredmedia":[{"embeddable":true,"href":"https:\/\/nvnoticias.mx\/index.php\/wp-json\/wp\/v2\/media\/159155"}],"wp:attachment":[{"href":"https:\/\/nvnoticias.mx\/index.php\/wp-json\/wp\/v2\/media?parent=159154"}],"wp:term":[{"taxonomy":"category","embeddable":true,"href":"https:\/\/nvnoticias.mx\/index.php\/wp-json\/wp\/v2\/categories?post=159154"},{"taxonomy":"post_tag","embeddable":true,"href":"https:\/\/nvnoticias.mx\/index.php\/wp-json\/wp\/v2\/tags?post=159154"}],"curies":[{"name":"wp","href":"https:\/\/api.w.org\/{rel}","templated":true}]}}