{"id":159117,"date":"2024-09-06T10:29:42","date_gmt":"2024-09-06T16:29:42","guid":{"rendered":"https:\/\/nvnoticias.mx\/?p=159117"},"modified":"2024-09-06T10:29:43","modified_gmt":"2024-09-06T16:29:43","slug":"solicita-ebrard-licencia-para-dejar-cargo-e-ir-a-economia","status":"publish","type":"post","link":"https:\/\/nvnoticias.mx\/index.php\/2024\/09\/06\/solicita-ebrard-licencia-para-dejar-cargo-e-ir-a-economia\/","title":{"rendered":"Solicita Ebrard licencia para dejar cargo e ir a Econom\u00eda"},"content":{"rendered":"\n<p>Marcelo Ebrard, futuro titular de econom\u00eda, no dur\u00f3 ni una semana como senador\u00a0por v\u00eda plurinominal, y este jueves 5 de septiembre ha solicitado\u00a0<strong>licencia para separarse de su cargo<\/strong>\u00a0por tiempo indefinido.<\/p>\n\n\n\n<p>El exsecretario de Relaciones Exteriores se convertir\u00e1 en secretario de Econom\u00eda a partir del martes 1 de octubre, cuando Claudia Sheinbaum asuma la Presidencia de M\u00e9xico. Es posible que su salida de la<strong>&nbsp;C\u00e1mara de Senadores<\/strong>&nbsp;sea con el objetivo de continuar con las labores de transici\u00f3n entre gobiernos.<\/p>\n\n\n\n<p>Con esta solicitud para dejar su cargo como senador,\u00a0<strong>Marcelo Ebrard no estar\u00e1 en la discusi\u00f3n<\/strong>\u00a0y\u00a0votaci\u00f3n de la reforma al Poder Judicial\u00a0en la C\u00e1mara de Senadores que se tiene prevista para los pr\u00f3ximos d\u00edas.<\/p>\n\n\n\n<p>\u201cSe concede\u00a0licencia al senador Marcelo Ebrard Casaub\u00f3n\u00a0para separarse de sus funciones legislativas por tiempo indefinido a partir de hoy 5 de septiembre de 2024\u2033, confirm\u00f3 Gerardo Fern\u00e1ndez Noro\u00f1a, presidente de la mesa directiva del Senado. Por lo que a partir de este viernes 6 de septiembre\u00a0<strong>el cargo de Ebrard quedar\u00e1 en manos de su suplente<\/strong>.<\/p>\n\n\n\n<p>Fuente: <a href=\"https:\/\/www.elfinanciero.com.mx\/nacional\/2024\/09\/05\/marcelo-ebrard-solicita-licencia-para-dejar-cargo-como-senador-e-ir-a-la-secretaria-de-economia-quien-es-su-suplente\/\" data-type=\"link\" data-id=\"https:\/\/www.elfinanciero.com.mx\/nacional\/2024\/09\/05\/marcelo-ebrard-solicita-licencia-para-dejar-cargo-como-senador-e-ir-a-la-secretaria-de-economia-quien-es-su-suplente\/\">El Financiero<\/a><\/p>\n","protected":false},"excerpt":{"rendered":"<p>Marcelo Ebrard, futuro titular de econom\u00eda, no dur\u00f3 ni una semana como senador\u00a0por v\u00eda plurinominal, y este jueves 5 de septiembre ha solicitado\u00a0licencia para separarse de su cargo\u00a0por tiempo indefinido. El exsecretario de Relaciones Exteriores se convertir\u00e1 en secretario de Econom\u00eda a partir del martes 1 de octubre, cuando Claudia Sheinbaum asuma la Presidencia de [&hellip;]<\/p>\n","protected":false},"author":35,"featured_media":117630,"comment_status":"open","ping_status":"open","sticky":false,"template":"","format":"standard","meta":{"_monsterinsights_skip_tracking":false,"_monsterinsights_sitenote_active":false,"_monsterinsights_sitenote_note":"","_monsterinsights_sitenote_category":0,"footnotes":""},"categories":[158],"tags":[885,391,1606],"class_list":["post-159117","post","type-post","status-publish","format-standard","has-post-thumbnail","hentry","category-politica","tag-licencia","tag-marcelo-ebrard","tag-senador","wp-image-borders"],"amp_enabled":true,"_links":{"self":[{"href":"https:\/\/nvnoticias.mx\/index.php\/wp-json\/wp\/v2\/posts\/159117","targetHints":{"allow":["GET"]}}],"collection":[{"href":"https:\/\/nvnoticias.mx\/index.php\/wp-json\/wp\/v2\/posts"}],"about":[{"href":"https:\/\/nvnoticias.mx\/index.php\/wp-json\/wp\/v2\/types\/post"}],"author":[{"embeddable":true,"href":"https:\/\/nvnoticias.mx\/index.php\/wp-json\/wp\/v2\/users\/35"}],"replies":[{"embeddable":true,"href":"https:\/\/nvnoticias.mx\/index.php\/wp-json\/wp\/v2\/comments?post=159117"}],"version-history":[{"count":1,"href":"https:\/\/nvnoticias.mx\/index.php\/wp-json\/wp\/v2\/posts\/159117\/revisions"}],"predecessor-version":[{"id":159118,"href":"https:\/\/nvnoticias.mx\/index.php\/wp-json\/wp\/v2\/posts\/159117\/revisions\/159118"}],"wp:featuredmedia":[{"embeddable":true,"href":"https:\/\/nvnoticias.mx\/index.php\/wp-json\/wp\/v2\/media\/117630"}],"wp:attachment":[{"href":"https:\/\/nvnoticias.mx\/index.php\/wp-json\/wp\/v2\/media?parent=159117"}],"wp:term":[{"taxonomy":"category","embeddable":true,"href":"https:\/\/nvnoticias.mx\/index.php\/wp-json\/wp\/v2\/categories?post=159117"},{"taxonomy":"post_tag","embeddable":true,"href":"https:\/\/nvnoticias.mx\/index.php\/wp-json\/wp\/v2\/tags?post=159117"}],"curies":[{"name":"wp","href":"https:\/\/api.w.org\/{rel}","templated":true}]}}