{"id":159079,"date":"2024-09-05T18:51:14","date_gmt":"2024-09-06T00:51:14","guid":{"rendered":"https:\/\/nvnoticias.mx\/?p=159079"},"modified":"2024-09-05T18:51:15","modified_gmt":"2024-09-06T00:51:15","slug":"cristiano-ronaldo-llega-a-900-goles-oficiales","status":"publish","type":"post","link":"https:\/\/nvnoticias.mx\/index.php\/2024\/09\/05\/cristiano-ronaldo-llega-a-900-goles-oficiales\/","title":{"rendered":"Cristiano Ronaldo llega a 900 goles oficiales"},"content":{"rendered":"\n<p><\/p>\n\n\n\n<p>Cristiano Ronaldo marc\u00f3 su gol 900 en el partido de&nbsp;Portugal vs Croacia en&nbsp;Liga de las Naciones de la UEFA.<\/p>\n\n\n\n<p>El atacante portugu\u00e9s se convierte en el primer futbolista de la historia en llegar a esa cantidad de anotaciones de manera oficial.<\/p>\n\n\n\n<p>El delantero suma 900 goles en 1238 partidos oficiales, con una media de casi 0,73 tantos por encuentro, que ha marcado con las camisetas de Sporting (5), del Manchester United (145), del Real Madrid (450), del Juventus (101) y del Al-Nassr (67). A su periplo en estos clubes se suman los 131 tantos que ha firmado con la selecci\u00f3n de Portugal.<\/p>\n\n\n\n<p>La afici\u00f3n lusa recibi\u00f3 el gol de Cristiano con su ya famoso &#8220;Siuuu&#8221; y core\u00f3 el nombre del delantero de Madeira, que para celebrarlo se tir\u00f3 al suelo en la l\u00ednea de fondo con las manos en la cara y una sonrisa.<\/p>\n\n\n\n<figure class=\"wp-block-embed aligncenter is-type-rich is-provider-twitter wp-block-embed-twitter\"><div class=\"wp-block-embed__wrapper\">\n<blockquote class=\"twitter-tweet\" data-width=\"550\" data-dnt=\"true\"><p lang=\"en\" dir=\"ltr\">CRISTIANO RONALDO REACHES 900 CAREER GOALS FOR CLUB AND COUNTRY ????????<br><br>JUST LOOK AT WHAT IT MEANS TO HIM \u2665\ufe0f<br><br> <a href=\"https:\/\/t.co\/Dl08Pf9w3C\">pic.twitter.com\/Dl08Pf9w3C<\/a><\/p>&mdash; CentreGoals. (@centregoals) <a href=\"https:\/\/twitter.com\/centregoals\/status\/1831781939432579470?ref_src=twsrc%5Etfw\">September 5, 2024<\/a><\/blockquote><script async src=\"https:\/\/platform.twitter.com\/widgets.js\" charset=\"utf-8\"><\/script>\n<\/div><\/figure>\n","protected":false},"excerpt":{"rendered":"<p>Cristiano Ronaldo marc\u00f3 su gol 900 en el partido de&nbsp;Portugal vs Croacia en&nbsp;Liga de las Naciones de la UEFA. El atacante portugu\u00e9s se convierte en el primer futbolista de la historia en llegar a esa cantidad de anotaciones de manera oficial. El delantero suma 900 goles en 1238 partidos oficiales, con una media de casi [&hellip;]<\/p>\n","protected":false},"author":8,"featured_media":159080,"comment_status":"open","ping_status":"open","sticky":false,"template":"","format":"standard","meta":{"_monsterinsights_skip_tracking":false,"_monsterinsights_sitenote_active":false,"_monsterinsights_sitenote_note":"","_monsterinsights_sitenote_category":0,"footnotes":""},"categories":[159],"tags":[863,4450],"class_list":["post-159079","post","type-post","status-publish","format-standard","has-post-thumbnail","hentry","category-deportes","tag-cristiano-ronaldo","tag-portugal","wp-image-borders"],"amp_enabled":true,"_links":{"self":[{"href":"https:\/\/nvnoticias.mx\/index.php\/wp-json\/wp\/v2\/posts\/159079","targetHints":{"allow":["GET"]}}],"collection":[{"href":"https:\/\/nvnoticias.mx\/index.php\/wp-json\/wp\/v2\/posts"}],"about":[{"href":"https:\/\/nvnoticias.mx\/index.php\/wp-json\/wp\/v2\/types\/post"}],"author":[{"embeddable":true,"href":"https:\/\/nvnoticias.mx\/index.php\/wp-json\/wp\/v2\/users\/8"}],"replies":[{"embeddable":true,"href":"https:\/\/nvnoticias.mx\/index.php\/wp-json\/wp\/v2\/comments?post=159079"}],"version-history":[{"count":1,"href":"https:\/\/nvnoticias.mx\/index.php\/wp-json\/wp\/v2\/posts\/159079\/revisions"}],"predecessor-version":[{"id":159081,"href":"https:\/\/nvnoticias.mx\/index.php\/wp-json\/wp\/v2\/posts\/159079\/revisions\/159081"}],"wp:featuredmedia":[{"embeddable":true,"href":"https:\/\/nvnoticias.mx\/index.php\/wp-json\/wp\/v2\/media\/159080"}],"wp:attachment":[{"href":"https:\/\/nvnoticias.mx\/index.php\/wp-json\/wp\/v2\/media?parent=159079"}],"wp:term":[{"taxonomy":"category","embeddable":true,"href":"https:\/\/nvnoticias.mx\/index.php\/wp-json\/wp\/v2\/categories?post=159079"},{"taxonomy":"post_tag","embeddable":true,"href":"https:\/\/nvnoticias.mx\/index.php\/wp-json\/wp\/v2\/tags?post=159079"}],"curies":[{"name":"wp","href":"https:\/\/api.w.org\/{rel}","templated":true}]}}