{"id":159067,"date":"2024-09-05T15:26:14","date_gmt":"2024-09-05T21:26:14","guid":{"rendered":"https:\/\/nvnoticias.mx\/?p=159067"},"modified":"2024-09-05T15:27:03","modified_gmt":"2024-09-05T21:27:03","slug":"confirma-trump-a-elon-musk-en-su-gabinete-si-gana-las-elecciones","status":"publish","type":"post","link":"https:\/\/nvnoticias.mx\/index.php\/2024\/09\/05\/confirma-trump-a-elon-musk-en-su-gabinete-si-gana-las-elecciones\/","title":{"rendered":"Confirma Trump a Elon Musk en su gabinete si gana las elecciones"},"content":{"rendered":"\n<p>El candidato republicano a la presidencia, Donald Trump, dijo el jueves que establecer\u00eda una comisi\u00f3n de eficiencia gubernamental encabezada por el multimillonario Elon Musk si gana las elecciones del 5 de noviembre.<\/p>\n\n\n\n<p>Trump lleva meses discutiendo con sus asesores la idea de crear una comisi\u00f3n de eficiencia gubernamental, dijeron fuentes a Reuters.<br><\/p>\n\n\n\n<p>Sin embargo, su discurso del jueves en el Club Econ\u00f3mico de Nueva York fue la primera vez que respald\u00f3 p\u00fablicamente la idea. Tambi\u00e9n fue la primera vez que Trump dijo que Musk ha aceptado encabezar el organismo.<br><\/p>\n\n\n\n<p>&#8220;Voy a crear una comisi\u00f3n de eficiencia gubernamental encargada de llevar a cabo una auditor\u00eda financiera y de rendimiento completa de todo el gobierno federal y de hacer recomendaciones para reformas dr\u00e1sticas&#8221;, dijo Trump.<br>El magnate anot\u00f3 que el objetivo de esta comisi\u00f3n ser\u00e1 identificar formas de eliminar el gasto innecesario:&nbsp;<\/p>\n\n\n\n<p>&#8220;Esta comisi\u00f3n desarrollar\u00e1 un plan de acci\u00f3n para eliminar totalmente el fraude y los pagos indebidos en un plazo de seis meses. Esto ahorrar\u00e1 billones de d\u00f3lares&#8221;, opin\u00f3.<br>Trump describi\u00f3 a Musk, que seg\u00fan Forbes es la persona m\u00e1s rica del mundo, como &#8220;un tipo agradable e inteligente&#8221; que sabe lo que &#8220;est\u00e1 haciendo&#8221;.<br><\/p>\n\n\n\n<p>Fuente: <a href=\"https:\/\/www.milenio.com\/internacional\/donald-trump-confirma-nombramiento-elon-musk-gabinete\" data-type=\"link\" data-id=\"https:\/\/www.milenio.com\/internacional\/donald-trump-confirma-nombramiento-elon-musk-gabinete\">Milenio<\/a><\/p>\n","protected":false},"excerpt":{"rendered":"<p>El candidato republicano a la presidencia, Donald Trump, dijo el jueves que establecer\u00eda una comisi\u00f3n de eficiencia gubernamental encabezada por el multimillonario Elon Musk si gana las elecciones del 5 de noviembre. Trump lleva meses discutiendo con sus asesores la idea de crear una comisi\u00f3n de eficiencia gubernamental, dijeron fuentes a Reuters. Sin embargo, su [&hellip;]<\/p>\n","protected":false},"author":35,"featured_media":142917,"comment_status":"open","ping_status":"open","sticky":false,"template":"","format":"standard","meta":{"_monsterinsights_skip_tracking":false,"_monsterinsights_sitenote_active":false,"_monsterinsights_sitenote_note":"","_monsterinsights_sitenote_category":0,"footnotes":""},"categories":[181],"tags":[230,281],"class_list":["post-159067","post","type-post","status-publish","format-standard","has-post-thumbnail","hentry","category-internacional","tag-donald-trump","tag-elon-musk","wp-image-borders"],"amp_enabled":true,"_links":{"self":[{"href":"https:\/\/nvnoticias.mx\/index.php\/wp-json\/wp\/v2\/posts\/159067","targetHints":{"allow":["GET"]}}],"collection":[{"href":"https:\/\/nvnoticias.mx\/index.php\/wp-json\/wp\/v2\/posts"}],"about":[{"href":"https:\/\/nvnoticias.mx\/index.php\/wp-json\/wp\/v2\/types\/post"}],"author":[{"embeddable":true,"href":"https:\/\/nvnoticias.mx\/index.php\/wp-json\/wp\/v2\/users\/35"}],"replies":[{"embeddable":true,"href":"https:\/\/nvnoticias.mx\/index.php\/wp-json\/wp\/v2\/comments?post=159067"}],"version-history":[{"count":2,"href":"https:\/\/nvnoticias.mx\/index.php\/wp-json\/wp\/v2\/posts\/159067\/revisions"}],"predecessor-version":[{"id":159069,"href":"https:\/\/nvnoticias.mx\/index.php\/wp-json\/wp\/v2\/posts\/159067\/revisions\/159069"}],"wp:featuredmedia":[{"embeddable":true,"href":"https:\/\/nvnoticias.mx\/index.php\/wp-json\/wp\/v2\/media\/142917"}],"wp:attachment":[{"href":"https:\/\/nvnoticias.mx\/index.php\/wp-json\/wp\/v2\/media?parent=159067"}],"wp:term":[{"taxonomy":"category","embeddable":true,"href":"https:\/\/nvnoticias.mx\/index.php\/wp-json\/wp\/v2\/categories?post=159067"},{"taxonomy":"post_tag","embeddable":true,"href":"https:\/\/nvnoticias.mx\/index.php\/wp-json\/wp\/v2\/tags?post=159067"}],"curies":[{"name":"wp","href":"https:\/\/api.w.org\/{rel}","templated":true}]}}