{"id":159065,"date":"2024-09-05T15:21:43","date_gmt":"2024-09-05T21:21:43","guid":{"rendered":"https:\/\/nvnoticias.mx\/?p=159065"},"modified":"2024-09-05T15:21:45","modified_gmt":"2024-09-05T21:21:45","slug":"asistira-gustavo-petro-a-toma-de-protesta-de-claudia-sheinbaum","status":"publish","type":"post","link":"https:\/\/nvnoticias.mx\/index.php\/2024\/09\/05\/asistira-gustavo-petro-a-toma-de-protesta-de-claudia-sheinbaum\/","title":{"rendered":"Asistir\u00e1 Gustavo Petro a toma de protesta de Claudia Sheinbaum"},"content":{"rendered":"\n<p>El presidente colombiano, Gustavo Petro, viajar\u00e1 a M\u00e9xico para tener una \u00faltima reuni\u00f3n con Andr\u00e9s Manuel L\u00f3pez Obrador como mandatario y para asistir a la investidura de su sucesora, Claudia Sheinbaum, el 1 de octubre.<\/p>\n\n\n\n<p>Se espera que Petro viaje del 29 de septiembre al 1 de octubre al pa\u00eds norteamericano, seg\u00fan informaron a EFE fuentes de Presidencia colombiana, y durante la visita se reunir\u00e1 con L\u00f3pez Obrador, uno de sus grandes aliados de la regi\u00f3n.<br><\/p>\n\n\n\n<p>Ser\u00e1 la tercera vez que Petro visite M\u00e9xico, ya que estuvo en octubre del a\u00f1o pasado en la Conferencia regional sobre migraci\u00f3n, y tambi\u00e9n en noviembre de 2022, cuando se reuni\u00f3 por primera vez como presidente con L\u00f3pez Obrador y tambi\u00e9n tuvo una reuni\u00f3n bilateral con Sheinbaum, que entonces era jefa de Gobierno de Ciudad de M\u00e9xico.<br><\/p>\n\n\n\n<p>Fuente: <a href=\"https:\/\/www.milenio.com\/internacional\/gustavo-petro-confirma-asistencia-investidura-claudia-sheinbaum\" data-type=\"link\" data-id=\"https:\/\/www.milenio.com\/internacional\/gustavo-petro-confirma-asistencia-investidura-claudia-sheinbaum\">Milenio<\/a><\/p>\n","protected":false},"excerpt":{"rendered":"<p>El presidente colombiano, Gustavo Petro, viajar\u00e1 a M\u00e9xico para tener una \u00faltima reuni\u00f3n con Andr\u00e9s Manuel L\u00f3pez Obrador como mandatario y para asistir a la investidura de su sucesora, Claudia Sheinbaum, el 1 de octubre. Se espera que Petro viaje del 29 de septiembre al 1 de octubre al pa\u00eds norteamericano, seg\u00fan informaron a EFE [&hellip;]<\/p>\n","protected":false},"author":35,"featured_media":60774,"comment_status":"open","ping_status":"open","sticky":false,"template":"","format":"standard","meta":{"_monsterinsights_skip_tracking":false,"_monsterinsights_sitenote_active":false,"_monsterinsights_sitenote_note":"","_monsterinsights_sitenote_category":0,"footnotes":""},"categories":[181],"tags":[2801,30869],"class_list":["post-159065","post","type-post","status-publish","format-standard","has-post-thumbnail","hentry","category-internacional","tag-claudia-sheinbaum","tag-gustavo-peto","wp-image-borders"],"amp_enabled":true,"_links":{"self":[{"href":"https:\/\/nvnoticias.mx\/index.php\/wp-json\/wp\/v2\/posts\/159065","targetHints":{"allow":["GET"]}}],"collection":[{"href":"https:\/\/nvnoticias.mx\/index.php\/wp-json\/wp\/v2\/posts"}],"about":[{"href":"https:\/\/nvnoticias.mx\/index.php\/wp-json\/wp\/v2\/types\/post"}],"author":[{"embeddable":true,"href":"https:\/\/nvnoticias.mx\/index.php\/wp-json\/wp\/v2\/users\/35"}],"replies":[{"embeddable":true,"href":"https:\/\/nvnoticias.mx\/index.php\/wp-json\/wp\/v2\/comments?post=159065"}],"version-history":[{"count":1,"href":"https:\/\/nvnoticias.mx\/index.php\/wp-json\/wp\/v2\/posts\/159065\/revisions"}],"predecessor-version":[{"id":159066,"href":"https:\/\/nvnoticias.mx\/index.php\/wp-json\/wp\/v2\/posts\/159065\/revisions\/159066"}],"wp:featuredmedia":[{"embeddable":true,"href":"https:\/\/nvnoticias.mx\/index.php\/wp-json\/wp\/v2\/media\/60774"}],"wp:attachment":[{"href":"https:\/\/nvnoticias.mx\/index.php\/wp-json\/wp\/v2\/media?parent=159065"}],"wp:term":[{"taxonomy":"category","embeddable":true,"href":"https:\/\/nvnoticias.mx\/index.php\/wp-json\/wp\/v2\/categories?post=159065"},{"taxonomy":"post_tag","embeddable":true,"href":"https:\/\/nvnoticias.mx\/index.php\/wp-json\/wp\/v2\/tags?post=159065"}],"curies":[{"name":"wp","href":"https:\/\/api.w.org\/{rel}","templated":true}]}}