{"id":158923,"date":"2024-09-04T08:25:26","date_gmt":"2024-09-04T14:25:26","guid":{"rendered":"https:\/\/nvnoticias.mx\/?p=158923"},"modified":"2024-09-04T08:25:27","modified_gmt":"2024-09-04T14:25:27","slug":"diputados-aprueba-en-lo-general-reforma-al-poder-judicial-de-amlo","status":"publish","type":"post","link":"https:\/\/nvnoticias.mx\/index.php\/2024\/09\/04\/diputados-aprueba-en-lo-general-reforma-al-poder-judicial-de-amlo\/","title":{"rendered":"Diputados aprueba en lo general reforma al Poder Judicial de AMLO"},"content":{"rendered":"\n<p><\/p>\n\n\n\n<p>Con 359 votos a favor y 135 en contra, la mayor\u00eda de Morena y aliados en la C\u00e1mara de Diputados aprobaron esta madrugada en lo general la reforma al Poder Judicial que, entre otros aspectos, prev\u00e9 la elecci\u00f3n de jueces, magistrados y ministros por voto popular, la reducci\u00f3n de la Suprema Corte de 11 a 9 integrantes, as\u00ed como la desaparici\u00f3n del Consejo de la Judicatura para ser sustituido por un \u00f3rgano administrativo y un Tribunal de Disciplina Judicial.<\/p>\n\n\n\n<p>En votaci\u00f3n &#8220;de viva voz&#8221; durante una hora ante la falta de tablero el\u00e9ctrico en la sede alterna, el bloque oficialista aval\u00f3 el proyecto que establece adem\u00e1s la figura de los &#8220;jueces sin rostro&#8221; como mecanismo para proteger a los juzgadores en procesos contra el crimen organizado.<\/p>\n\n\n\n<p>Los diputados del PAN votaron &#8220;bajo protesta&#8221; contra el dictamen, mientras los del PRI y MC rechazaron tambi\u00e9n la reforma.<\/p>\n\n\n\n<p>Trabajadores de juzgados y tribunales federales bloquearon desde las primeras horas del martes los accesos al Palacio de San L\u00e1zaro para impedir la discusi\u00f3n de la reforma constitucional, por lo que las fracciones legislativas de la llamada cuarta transformaci\u00f3n eligieron el Sal\u00f3n de Armas de la Magdalena Mixhuca como sede alterna.<\/p>\n\n\n\n<p>Por acuerdo de la Junta de Coordinaci\u00f3n Pol\u00edtica de la C\u00e1mara de Diputados, la sesi\u00f3n fue citada a las 4 de la tarde del martes, con la determinaci\u00f3n de agotar la discusi\u00f3n en lo general y en lo particular.<\/p>\n\n\n\n<p>No obstante, el grupo parlamentario del PAN impugn\u00f3 la celebraci\u00f3n de la sesi\u00f3n, por lo que a su juicio representa un desacato a dos suspensiones de jueces de distritos para frenar la discusi\u00f3n de la reforma judicial.<\/p>\n\n\n\n<p>La Mesa Directiva presidida por el morenista Sergio Guti\u00e9rrez Luna, en ausencia de Ifigenia Mart\u00ednez, desestim\u00f3 dichos recursos y procedi\u00f3 a desahogar el orden del d\u00eda.<\/p>\n\n\n\n<p>Al fijar la posici\u00f3n inicial de Morena, el diputado Ricardo Monreal sostuvo que la reforma no es fruto del capricho, ni tampoco de la revancha o del dogmatismo pol\u00edtico, y asegur\u00f3 incluso que el nuevo sistema de justicia mexicano ser\u00e1 un ejemplo en el mundo.<\/p>\n\n\n\n<p>Entre arengas de &#8220;Es un honor estar con Obrador&#8221; y &#8220;\u00a1Presidenta, Presidenta!&#8221;, en referencia a Claudia Sheinbaum, el legislador remarc\u00f3:<\/p>\n\n\n\n<p>&#8220;El pueblo est\u00e1 harto de la dictadura del birrete y de la toga; el pueblo est\u00e1 harto de la critocracia, el pueblo est\u00e1 harto de la corrupci\u00f3n, del nepotismo, del tr\u00e1fico de influencias del conflicto de intereses en el Poder judicial, y por eso respalda esta reforma, y nosotros no vamos a titubear&#8221;.<br>Por el PAN, el diputado Germ\u00e1n Mart\u00ednez cuestion\u00f3 la reforma constitucional y sostuvo que solo debilita a la futura presidenta Claudia Sheinbaum.<\/p>\n\n\n\n<p>&#8220;No merecen tocar la Constituci\u00f3n de esta manera, no lo merecen sus electores, no lo merece la futura presidenta de M\u00e9xico, que solo esto la debilita, ustedes lo saben, por eso pido que se suspenda este procedimiento.<br>Un pelot\u00f3n de fusilamiento nunca pasa a la historia, ustedes preparen, apunten, se van a disparar al pie&#8221;,. advirti\u00f3.<\/p>\n\n\n\n<p>Afirm\u00f3 adem\u00e1s que no son los jueces quienes han soltado criminales.<\/p>\n\n\n\n<p>&#8220;Aqu\u00ed el \u00fanico que ha soltado un criminal confeso, que ahora es testigo en Estados Unidos, Ovidio Guzm\u00e1n, el \u00fanico que ha soltado un criminal se llama Andr\u00e9s Manuel L\u00f3pez Obrador&#8221;, remat\u00f3 Mart\u00ednez.<br>El pleno de la C\u00e1mara de Diputados enlist\u00f3 789 reservas presentadas por legisladores de los diversos grupos parlamentarios para su discusi\u00f3n en lo particular durante la madrugada.<\/p>\n\n\n\n<p>Sin embargo, se acord\u00f3 presentar en tribuna solamente diez por grupo parlamentario, con lo que la sesi\u00f3n se prolongar\u00eda hasta las diez de la ma\u00f1ana en un c\u00e1lculo aproximado.<\/p>\n\n\n\n<p>Fuente: <a href=\"https:\/\/www.milenio.com\/politica\/aprueban-reforma-al-poder-judicial-camara-de-diputados\">Milenio<\/a><\/p>\n\n\n\n<p><\/p>\n","protected":false},"excerpt":{"rendered":"<p>Con 359 votos a favor y 135 en contra, la mayor\u00eda de Morena y aliados en la C\u00e1mara de Diputados aprobaron esta madrugada en lo general la reforma al Poder Judicial que, entre otros aspectos, prev\u00e9 la elecci\u00f3n de jueces, magistrados y ministros por voto popular, la reducci\u00f3n de la Suprema Corte de 11 a [&hellip;]<\/p>\n","protected":false},"author":6,"featured_media":158924,"comment_status":"open","ping_status":"open","sticky":false,"template":"","format":"standard","meta":{"_monsterinsights_skip_tracking":false,"_monsterinsights_sitenote_active":false,"_monsterinsights_sitenote_note":"","_monsterinsights_sitenote_category":0,"footnotes":""},"categories":[158],"tags":[162,30393],"class_list":["post-158923","post","type-post","status-publish","format-standard","has-post-thumbnail","hentry","category-politica","tag-portada","tag-reforma-poder-judicial","wp-image-borders"],"amp_enabled":true,"_links":{"self":[{"href":"https:\/\/nvnoticias.mx\/index.php\/wp-json\/wp\/v2\/posts\/158923","targetHints":{"allow":["GET"]}}],"collection":[{"href":"https:\/\/nvnoticias.mx\/index.php\/wp-json\/wp\/v2\/posts"}],"about":[{"href":"https:\/\/nvnoticias.mx\/index.php\/wp-json\/wp\/v2\/types\/post"}],"author":[{"embeddable":true,"href":"https:\/\/nvnoticias.mx\/index.php\/wp-json\/wp\/v2\/users\/6"}],"replies":[{"embeddable":true,"href":"https:\/\/nvnoticias.mx\/index.php\/wp-json\/wp\/v2\/comments?post=158923"}],"version-history":[{"count":1,"href":"https:\/\/nvnoticias.mx\/index.php\/wp-json\/wp\/v2\/posts\/158923\/revisions"}],"predecessor-version":[{"id":158925,"href":"https:\/\/nvnoticias.mx\/index.php\/wp-json\/wp\/v2\/posts\/158923\/revisions\/158925"}],"wp:featuredmedia":[{"embeddable":true,"href":"https:\/\/nvnoticias.mx\/index.php\/wp-json\/wp\/v2\/media\/158924"}],"wp:attachment":[{"href":"https:\/\/nvnoticias.mx\/index.php\/wp-json\/wp\/v2\/media?parent=158923"}],"wp:term":[{"taxonomy":"category","embeddable":true,"href":"https:\/\/nvnoticias.mx\/index.php\/wp-json\/wp\/v2\/categories?post=158923"},{"taxonomy":"post_tag","embeddable":true,"href":"https:\/\/nvnoticias.mx\/index.php\/wp-json\/wp\/v2\/tags?post=158923"}],"curies":[{"name":"wp","href":"https:\/\/api.w.org\/{rel}","templated":true}]}}