{"id":158909,"date":"2024-09-03T19:44:48","date_gmt":"2024-09-04T01:44:48","guid":{"rendered":"https:\/\/nvnoticias.mx\/?p=158909"},"modified":"2024-09-03T19:44:50","modified_gmt":"2024-09-04T01:44:50","slug":"convocan-a-paro-nacional-contra-la-reforma-judicial-para-este-miercoles-4-de-septiembre","status":"publish","type":"post","link":"https:\/\/nvnoticias.mx\/index.php\/2024\/09\/03\/convocan-a-paro-nacional-contra-la-reforma-judicial-para-este-miercoles-4-de-septiembre\/","title":{"rendered":"Convocan a paro nacional contra la reforma judicial para este mi\u00e9rcoles 4 de septiembre"},"content":{"rendered":"\n<p><\/p>\n\n\n\n<p>Integrantes de la denominada \u201c<strong>Marea Rosa<\/strong>\u201d convocaron a u<strong>n paro nacional para este mi\u00e9rcoles 4 de septiembre<\/strong>\u00a0y con ello manifestar su rechazo a las reformas constitucionales para modificar al<strong>\u00a0Poder Judicial de la Federaci\u00f3n y la desaparici\u00f3n de los \u00f3rganos aut\u00f3nomos<\/strong>, impulsadas por Morena en la C\u00e1mara de Diputados.<\/p>\n\n\n\n<p>Mar\u00eda Elena Morera, directora de la organizaci\u00f3n civil \u201c<strong>Causa en Com\u00fan<\/strong>\u201d, comparti\u00f3 en sus redes la invitaci\u00f3n que empez\u00f3 a circular desde hace varios d\u00edas. La convocatoria exhorta a los posibles participantes a \u201c<strong>No trabajar, no comprar, no hacer transacciones bancarias\u201d.<\/strong><\/p>\n\n\n\n<p>La activista en temas de seguridad especific\u00f3 que no se trata de una propuesta impulsada por alguien en particular y llam\u00f3 a toda la sociedad a\u00a0<strong>defender la Rep\u00fablica y la democracia.<\/strong><\/p>\n\n\n\n<p>Por su parte, el l\u00edder empresarial,<strong>\u00a0Claudio X. Gonz\u00e1lez\u00a0<\/strong>hizo un llamado para respaldar a los senadores de oposici\u00f3n (PAN, PRI y MC) para votar en contra de la reforma judicial en la C\u00e1mara Alta, toda vez que Morena y sus aliados no encontrar\u00e1n dificultad para aprobar el dictamen en la C\u00e1mara de Diputados debido a la mayor\u00eda calificada que ostentan<\/p>\n\n\n\n<p>Seg\u00fan este colectivo, si los 43 senadores de PAN, PRI y MC asisten a las sesiones del Pleno y votan en contra, Morena no lograr\u00e1 la mayor\u00eda calificada en la C\u00e1mara Alta para aprobar esta reforma.<\/p>\n\n\n\n<p>De forma independiente a esta convocatoria, miles de trabajadores del Poder Judicial de la Federaci\u00f3n mantienen un paro de labores y se han movilizado hasta la sede de la C\u00e1mara de Diputados para exigir un di\u00e1logo con el Poder Legislativo, sin embargo, \u00e9ste traslad\u00f3 su sede al Deportivo Mixhuca, donde se alista este 3 de septiembre para aprobar la reforma en lo general y particular.<\/p>\n\n\n\n<p>Este mismo martes, el Pleno de los ministros de la Suprema Corte de Justicia de la Naci\u00f3n se sum\u00f3 este martes a la suspensi\u00f3n de actividades que trabajadores del Poder Judicial comenzaron hace casi dos semanas contra la reforma judicial que ahora discute el Congreso.<\/p>\n\n\n\n<p>En sesi\u00f3n privada, ocho ministros votaron a favor del paro de labores, mientras que las tres ministras que abiertamente apoyan al oficialismo, Lenia Batres, Loretta Ortiz y Yasm\u00edn Esquivel, se posicionaron en contra.<\/p>\n\n\n\n<p>Con esta decisi\u00f3n, la operatividad de la Suprema Corte se reducir\u00e1 solo a asuntos urgentes, en un evento crucial en la historia del Poder Judicial en M\u00e9xico.<\/p>\n\n\n\n<p>En tanto, queda pendiente la sesi\u00f3n p\u00fablica programada para este martes y un posicionamiento p\u00fablico que har\u00e1n las ministras que se manifestaron en contra del paro indefinido de actividades.<\/p>\n\n\n\n<p>La decisi\u00f3n de la mayor\u00eda de los ministros del m\u00e1s alto tribunal se da luego de que trabajadores de m\u00e1s alto tribunal mexicano definieran el lunes sumarse al paro de actividades en protesta a la reforma judicial impulsada por el presidente Andr\u00e9s Manuel L\u00f3pez Obrador, quien impulsa la elecci\u00f3n de los impartidores de justicia por el voto popular.<\/p>\n\n\n\n<p>Fuente: <a href=\"https:\/\/www.infobae.com\/mexico\/2024\/09\/04\/convocan-a-paro-nacional-este-4-de-septiembre-contra-la-reforma-judicial-de-amlo\/\">Infobae<\/a><\/p>\n","protected":false},"excerpt":{"rendered":"<p>Integrantes de la denominada \u201cMarea Rosa\u201d convocaron a un paro nacional para este mi\u00e9rcoles 4 de septiembre\u00a0y con ello manifestar su rechazo a las reformas constitucionales para modificar al\u00a0Poder Judicial de la Federaci\u00f3n y la desaparici\u00f3n de los \u00f3rganos aut\u00f3nomos, impulsadas por Morena en la C\u00e1mara de Diputados. Mar\u00eda Elena Morera, directora de la organizaci\u00f3n [&hellip;]<\/p>\n","protected":false},"author":8,"featured_media":158910,"comment_status":"open","ping_status":"open","sticky":false,"template":"","format":"standard","meta":{"_monsterinsights_skip_tracking":false,"_monsterinsights_sitenote_active":false,"_monsterinsights_sitenote_note":"","_monsterinsights_sitenote_category":0,"footnotes":""},"categories":[157],"tags":[7550,162,30269],"class_list":["post-158909","post","type-post","status-publish","format-standard","has-post-thumbnail","hentry","category-nacional","tag-paro-nacional","tag-portada","tag-reforma-judicial","wp-image-borders"],"amp_enabled":true,"_links":{"self":[{"href":"https:\/\/nvnoticias.mx\/index.php\/wp-json\/wp\/v2\/posts\/158909","targetHints":{"allow":["GET"]}}],"collection":[{"href":"https:\/\/nvnoticias.mx\/index.php\/wp-json\/wp\/v2\/posts"}],"about":[{"href":"https:\/\/nvnoticias.mx\/index.php\/wp-json\/wp\/v2\/types\/post"}],"author":[{"embeddable":true,"href":"https:\/\/nvnoticias.mx\/index.php\/wp-json\/wp\/v2\/users\/8"}],"replies":[{"embeddable":true,"href":"https:\/\/nvnoticias.mx\/index.php\/wp-json\/wp\/v2\/comments?post=158909"}],"version-history":[{"count":1,"href":"https:\/\/nvnoticias.mx\/index.php\/wp-json\/wp\/v2\/posts\/158909\/revisions"}],"predecessor-version":[{"id":158911,"href":"https:\/\/nvnoticias.mx\/index.php\/wp-json\/wp\/v2\/posts\/158909\/revisions\/158911"}],"wp:featuredmedia":[{"embeddable":true,"href":"https:\/\/nvnoticias.mx\/index.php\/wp-json\/wp\/v2\/media\/158910"}],"wp:attachment":[{"href":"https:\/\/nvnoticias.mx\/index.php\/wp-json\/wp\/v2\/media?parent=158909"}],"wp:term":[{"taxonomy":"category","embeddable":true,"href":"https:\/\/nvnoticias.mx\/index.php\/wp-json\/wp\/v2\/categories?post=158909"},{"taxonomy":"post_tag","embeddable":true,"href":"https:\/\/nvnoticias.mx\/index.php\/wp-json\/wp\/v2\/tags?post=158909"}],"curies":[{"name":"wp","href":"https:\/\/api.w.org\/{rel}","templated":true}]}}