{"id":158864,"date":"2024-09-03T12:59:12","date_gmt":"2024-09-03T18:59:12","guid":{"rendered":"https:\/\/nvnoticias.mx\/?p=158864"},"modified":"2024-09-03T12:59:14","modified_gmt":"2024-09-03T18:59:14","slug":"exhiben-a-jueces-por-promover-amparos-contra-la-reforma-al-poder-judicial","status":"publish","type":"post","link":"https:\/\/nvnoticias.mx\/index.php\/2024\/09\/03\/exhiben-a-jueces-por-promover-amparos-contra-la-reforma-al-poder-judicial\/","title":{"rendered":"Exhiben a jueces por promover amparos contra la reforma al Poder Judicial"},"content":{"rendered":"\n<p>Durante la conferencia matutina de este martes, el subsecretario de seguridad exhibi\u00f3 a dos jueces, quienes en los \u00faltimos d\u00edas promovieron\u00a0amparos en contra de la reforma al Poder Judicial.<\/p>\n\n\n\n<p>Rodr\u00edguez Bucio los calific\u00f3 como<strong>\u00a0\u201cjueces con resoluciones irregulares\u201d\u00a0<\/strong>y una de ellas es la jueza quinta de distrito en Morelos, Martha Eugenia Maga\u00f1a, quien concedi\u00f3 una suspensi\u00f3n de oficio a diversos jueces federales que promovieron un amparo contra la\u00a0reforma al Poder Judicial.\u00a0Por ello, el proyecto no podr\u00eda ser discutido ni votado por la C\u00e1mara de Diputados de la nueva legislatura.<\/p>\n\n\n\n<p>El otro caso es del juez tercero de distrito de amparo y juicios federales en Chiapas, Felipe Consuelo, quien otorg\u00f3 una suspensi\u00f3n de oficio a otros jueces federales que promovieron un amparo contra la reforma al Poder Judicial para evitarles da\u00f1os y perjuicios de dif\u00edcil reparaci\u00f3n.<\/p>\n\n\n\n<p>Los\u00a0<strong>efectos de suspensi\u00f3n<\/strong>\u00a0ser\u00edan para que el Congreso de la Uni\u00f3n se abstenga de enviar el dictamen a las legislaturas de los estados y de la Ciudad de M\u00e9xico para la aprobaci\u00f3n correspondiente.<\/p>\n\n\n\n<p>Fuente: El <a href=\"https:\/\/www.elfinanciero.com.mx\/nacional\/2024\/09\/03\/amlo-mananera-temas-hoy-3-de-septiembre-2024-en-vivo\/\" data-type=\"link\" data-id=\"https:\/\/www.elfinanciero.com.mx\/nacional\/2024\/09\/03\/amlo-mananera-temas-hoy-3-de-septiembre-2024-en-vivo\/\">Financiero<\/a><\/p>\n","protected":false},"excerpt":{"rendered":"<p>Durante la conferencia matutina de este martes, el subsecretario de seguridad exhibi\u00f3 a dos jueces, quienes en los \u00faltimos d\u00edas promovieron\u00a0amparos en contra de la reforma al Poder Judicial. Rodr\u00edguez Bucio los calific\u00f3 como\u00a0\u201cjueces con resoluciones irregulares\u201d\u00a0y una de ellas es la jueza quinta de distrito en Morelos, Martha Eugenia Maga\u00f1a, quien concedi\u00f3 una suspensi\u00f3n [&hellip;]<\/p>\n","protected":false},"author":35,"featured_media":117453,"comment_status":"open","ping_status":"open","sticky":false,"template":"","format":"standard","meta":{"_monsterinsights_skip_tracking":false,"_monsterinsights_sitenote_active":false,"_monsterinsights_sitenote_note":"","_monsterinsights_sitenote_category":0,"footnotes":""},"categories":[158],"tags":[21942,2321],"class_list":["post-158864","post","type-post","status-publish","format-standard","has-post-thumbnail","hentry","category-politica","tag-la-mananera","tag-poder-judicial","wp-image-borders"],"amp_enabled":true,"_links":{"self":[{"href":"https:\/\/nvnoticias.mx\/index.php\/wp-json\/wp\/v2\/posts\/158864","targetHints":{"allow":["GET"]}}],"collection":[{"href":"https:\/\/nvnoticias.mx\/index.php\/wp-json\/wp\/v2\/posts"}],"about":[{"href":"https:\/\/nvnoticias.mx\/index.php\/wp-json\/wp\/v2\/types\/post"}],"author":[{"embeddable":true,"href":"https:\/\/nvnoticias.mx\/index.php\/wp-json\/wp\/v2\/users\/35"}],"replies":[{"embeddable":true,"href":"https:\/\/nvnoticias.mx\/index.php\/wp-json\/wp\/v2\/comments?post=158864"}],"version-history":[{"count":1,"href":"https:\/\/nvnoticias.mx\/index.php\/wp-json\/wp\/v2\/posts\/158864\/revisions"}],"predecessor-version":[{"id":158873,"href":"https:\/\/nvnoticias.mx\/index.php\/wp-json\/wp\/v2\/posts\/158864\/revisions\/158873"}],"wp:featuredmedia":[{"embeddable":true,"href":"https:\/\/nvnoticias.mx\/index.php\/wp-json\/wp\/v2\/media\/117453"}],"wp:attachment":[{"href":"https:\/\/nvnoticias.mx\/index.php\/wp-json\/wp\/v2\/media?parent=158864"}],"wp:term":[{"taxonomy":"category","embeddable":true,"href":"https:\/\/nvnoticias.mx\/index.php\/wp-json\/wp\/v2\/categories?post=158864"},{"taxonomy":"post_tag","embeddable":true,"href":"https:\/\/nvnoticias.mx\/index.php\/wp-json\/wp\/v2\/tags?post=158864"}],"curies":[{"name":"wp","href":"https:\/\/api.w.org\/{rel}","templated":true}]}}