{"id":158849,"date":"2024-09-03T11:15:23","date_gmt":"2024-09-03T17:15:23","guid":{"rendered":"https:\/\/nvnoticias.mx\/?p=158849"},"modified":"2024-09-03T11:15:25","modified_gmt":"2024-09-03T17:15:25","slug":"amlo-reconoce-que-fue-plan-con-mana-votacion-en-el-zocalo-sobre-eleccion-de-jueces","status":"publish","type":"post","link":"https:\/\/nvnoticias.mx\/index.php\/2024\/09\/03\/amlo-reconoce-que-fue-plan-con-mana-votacion-en-el-zocalo-sobre-eleccion-de-jueces\/","title":{"rendered":"AMLO reconoce que fue \u201cplan con ma\u00f1a\u201d votaci\u00f3n en el Z\u00f3calo sobre elecci\u00f3n de jueces"},"content":{"rendered":"\n<p>El presidente\u00a0<strong>Andr\u00e9s Manuel L\u00f3pez Obrador<\/strong>\u00a0reconoci\u00f3 que fue \u201cplan con ma\u00f1a\u201d que en su sexto y \u00faltimo Informe de Gobierno dijo que en salud ya \u00e9ramos mejor que\u00a0<strong>Dinamarca<\/strong>, y convocar a una votaci\u00f3n a mano alzada sobre la\u00a0<strong>reforma al Poder Judicial.<\/strong><\/p>\n\n\n\n<p>Al cuestionarlo en su conferencia ma\u00f1anera de este martes 3 de septiembre en Palacio Nacional si fue una broma, o para hacer enojar a sus adversarios el se\u00f1alar que el<strong>&nbsp;sistema de salud de M\u00e9xico&nbsp;<\/strong>era mejor que el de Dinamarca, L\u00f3pez Obrador lo rechaz\u00f3.<\/p>\n\n\n\n<p>\u201cNo, no, no, no, no para hacerlos enojar, sino c\u00f3mo se le llama en el periodismo, \u2018para que hubiera miga\u2019, para que tuvieran algo que decir porque luego se enojan mucho y \u2018a ver qu\u00e9 le sacamos\u2019.<\/p>\n\n\n\n<p>\u201cEntonces, yo les voy a dar la nota, les di dos o tres, les di esa y les di la de la votaci\u00f3n. Uy, c\u00f3mo cuestionan eso \u2018a mano alzada\u2019\u201d, dijo.<\/p>\n\n\n\n<p>\u201c\u00bfFue plan con ma\u00f1a?\u201d, se le insisti\u00f3.<\/p>\n\n\n\n<p>\u201c\u00a1Claro! Pero la gente si responde porque as\u00ed est\u00e1 la mayor\u00eda del pueblo quiere elegir a sus jueces, magistrados y ministros, solamente las elites no quieren\u201d, coment\u00f3.<\/p>\n\n\n\n<p>Fuente: <a href=\"https:\/\/www.eluniversal.com.mx\/nacion\/amlo-reconoce-que-fue-plan-con-mana-votacion-en-el-zocalo-sobre-eleccion-de-jueces-magistrados-y-ministros\/\" data-type=\"link\" data-id=\"https:\/\/www.eluniversal.com.mx\/nacion\/amlo-reconoce-que-fue-plan-con-mana-votacion-en-el-zocalo-sobre-eleccion-de-jueces-magistrados-y-ministros\/\">El Universal<\/a><\/p>\n","protected":false},"excerpt":{"rendered":"<p>El presidente\u00a0Andr\u00e9s Manuel L\u00f3pez Obrador\u00a0reconoci\u00f3 que fue \u201cplan con ma\u00f1a\u201d que en su sexto y \u00faltimo Informe de Gobierno dijo que en salud ya \u00e9ramos mejor que\u00a0Dinamarca, y convocar a una votaci\u00f3n a mano alzada sobre la\u00a0reforma al Poder Judicial. Al cuestionarlo en su conferencia ma\u00f1anera de este martes 3 de septiembre en Palacio Nacional [&hellip;]<\/p>\n","protected":false},"author":35,"featured_media":158850,"comment_status":"open","ping_status":"open","sticky":false,"template":"","format":"standard","meta":{"_monsterinsights_skip_tracking":false,"_monsterinsights_sitenote_active":false,"_monsterinsights_sitenote_note":"","_monsterinsights_sitenote_category":0,"footnotes":""},"categories":[158],"tags":[188,162,16347],"class_list":["post-158849","post","type-post","status-publish","format-standard","has-post-thumbnail","hentry","category-politica","tag-amlo","tag-portada","tag-zocalo","wp-image-borders"],"amp_enabled":true,"_links":{"self":[{"href":"https:\/\/nvnoticias.mx\/index.php\/wp-json\/wp\/v2\/posts\/158849","targetHints":{"allow":["GET"]}}],"collection":[{"href":"https:\/\/nvnoticias.mx\/index.php\/wp-json\/wp\/v2\/posts"}],"about":[{"href":"https:\/\/nvnoticias.mx\/index.php\/wp-json\/wp\/v2\/types\/post"}],"author":[{"embeddable":true,"href":"https:\/\/nvnoticias.mx\/index.php\/wp-json\/wp\/v2\/users\/35"}],"replies":[{"embeddable":true,"href":"https:\/\/nvnoticias.mx\/index.php\/wp-json\/wp\/v2\/comments?post=158849"}],"version-history":[{"count":1,"href":"https:\/\/nvnoticias.mx\/index.php\/wp-json\/wp\/v2\/posts\/158849\/revisions"}],"predecessor-version":[{"id":158851,"href":"https:\/\/nvnoticias.mx\/index.php\/wp-json\/wp\/v2\/posts\/158849\/revisions\/158851"}],"wp:featuredmedia":[{"embeddable":true,"href":"https:\/\/nvnoticias.mx\/index.php\/wp-json\/wp\/v2\/media\/158850"}],"wp:attachment":[{"href":"https:\/\/nvnoticias.mx\/index.php\/wp-json\/wp\/v2\/media?parent=158849"}],"wp:term":[{"taxonomy":"category","embeddable":true,"href":"https:\/\/nvnoticias.mx\/index.php\/wp-json\/wp\/v2\/categories?post=158849"},{"taxonomy":"post_tag","embeddable":true,"href":"https:\/\/nvnoticias.mx\/index.php\/wp-json\/wp\/v2\/tags?post=158849"}],"curies":[{"name":"wp","href":"https:\/\/api.w.org\/{rel}","templated":true}]}}