{"id":158806,"date":"2024-09-02T20:08:56","date_gmt":"2024-09-03T02:08:56","guid":{"rendered":"https:\/\/nvnoticias.mx\/?p=158806"},"modified":"2024-09-02T20:08:58","modified_gmt":"2024-09-03T02:08:58","slug":"crista-madre-de-gala-montes-denuncia-a-adrian-marcelo-por-viol3ncia-de-genero","status":"publish","type":"post","link":"https:\/\/nvnoticias.mx\/index.php\/2024\/09\/02\/crista-madre-de-gala-montes-denuncia-a-adrian-marcelo-por-viol3ncia-de-genero\/","title":{"rendered":"Crista, madre de Gala Montes, denuncia a Adri\u00e1n Marcelo por viol3ncia de g\u00e9nero"},"content":{"rendered":"\n<p><\/p>\n\n\n\n<p><strong>Crista Montes<\/strong>, madre de la actriz\u00a0Gala Montes, acudi\u00f3 esta tarde a la Coordinaci\u00f3n Regional para la Atenci\u00f3n de los Delitos Vinculado a la Violencia de G\u00e9nero, ubicada en Huixquilucan, Estado de M\u00e9xico, para\u00a0<strong>ratificar la denuncia<\/strong>\u00a0que, en d\u00edas pasados, interpuso contra\u00a0Adri\u00e1n Marcelo\u00a0por el presunto delito de<strong>\u00a0violencia de g\u00e9nero.<\/strong><\/p>\n\n\n\n<p>Durante su participaci\u00f3n en el reality &#8220;<strong>La casa de los famosos M\u00e9xico<\/strong>&#8220;, el youtuber ha hecho fuertes declaraciones en contra de Gala y de la propia Crista, al asegurar que \u00e9sta no s\u00f3lo no educ\u00f3 bien a la actriz; sino que la llevaba &#8220;de antro&#8221; siendo apenas una ni\u00f1a.<\/p>\n\n\n\n<p>Esto fue suficiente para que la exm\u00e1nager de Montes decidiera llevar el caso ante las autoridades con la intenci\u00f3n de frenar los ataques del influencer y responsabilizarlo de sus palabras, ya que varias ocasiones ha asegurado que &#8216;no tiene nada qu\u00e9 perder&#8217;: \u201c\u00a1Ya hay que ponerle un alto porque son muchas cosas las que ha hecho!\u201d, dijo.<\/p>\n\n\n\n<p>Acompa\u00f1ada de su abogada, la licenciada Estefani Jim\u00e9nez, Crista explic\u00f3 que en la denuncia solo aparece ella como la parte afectada, ya que no pudo usar los ataques verbales que Marcelo ha hecho contra su hija:<\/p>\n\n\n\n<blockquote class=\"wp-block-quote is-layout-flow wp-block-quote-is-layout-flow\">\n<p>\u201c<em>Vamos a ver qu\u00e9 dice el Ministerio P\u00fablico porque manchan mi imagen. El se\u00f1or habl\u00f3 de m\u00ed, dice que yo llev\u00e9 a mis hijas a un antro (siendo menores de edad) y lo piensa usar como estrategia para aprehender a Gala. Habl\u00f3 de m\u00ed y no debe mencionarme<\/em>\u201d, agreg\u00f3.<\/p>\n<\/blockquote>\n\n\n\n<p>Aunque no sabe si las autoridades la ayuden a conseguir justicia, Montes aclar\u00f3 que este recurso legal es su manera de contribuir a que cese toda la violencia que se ha ejercido en contra de Gala, ya que Marcelo utiliza la relaci\u00f3n que existe entre ellas para humillarla.<\/p>\n\n\n\n<p>\u201cElla no se deja, yo lo s\u00e9; pero lo que me corresponde a m\u00ed y lo que puedo hacer ac\u00e1 afuera (lo hago). Me da miedo (\u00e9l), por eso estoy aqu\u00ed dije: &#8216;algo hay que hacer, hay que ponerle un alto'&#8221;.<\/p>\n\n\n\n<p>Asimismo, expres\u00f3 su deseo de que otras familias afectadas, espec\u00edficamente la de Briggitte Bozzo, se unan a ella y alcen la voz, sobre todo porque la venezolana tambi\u00e9n ha sido v\u00edctima de las burlas, acoso y agresiones del creador de contenido.<\/p>\n\n\n\n<p>Sobre su relaci\u00f3n con Gala, la se\u00f1ora Montes est\u00e1 convencida que la experiencia que su hija est\u00e1 viviendo podr\u00eda propiciar un reencuentro entre ellas; y es que, recordemos que la actriz ingres\u00f3 al reality en medio de un fuerte pleito con su madre: \u201cYo creo que saliendo habr\u00e1 reconciliaci\u00f3n con mi hija, por supuesto\u201d, finaliz\u00f3.<\/p>\n\n\n\n<p>Fuente: <a href=\"https:\/\/www.eluniversal.com.mx\/espectaculos\/crista-madre-de-gala-montes-denuncia-a-adrian-marcelo-por-violencia-de-genero-hay-que-ponerle-un-alto\/\">El Universal<\/a><\/p>\n","protected":false},"excerpt":{"rendered":"<p>Crista Montes, madre de la actriz\u00a0Gala Montes, acudi\u00f3 esta tarde a la Coordinaci\u00f3n Regional para la Atenci\u00f3n de los Delitos Vinculado a la Violencia de G\u00e9nero, ubicada en Huixquilucan, Estado de M\u00e9xico, para\u00a0ratificar la denuncia\u00a0que, en d\u00edas pasados, interpuso contra\u00a0Adri\u00e1n Marcelo\u00a0por el presunto delito de\u00a0violencia de g\u00e9nero. Durante su participaci\u00f3n en el reality &#8220;La casa [&hellip;]<\/p>\n","protected":false},"author":8,"featured_media":158807,"comment_status":"open","ping_status":"open","sticky":false,"template":"","format":"standard","meta":{"_monsterinsights_skip_tracking":false,"_monsterinsights_sitenote_active":false,"_monsterinsights_sitenote_note":"","_monsterinsights_sitenote_category":0,"footnotes":""},"categories":[576],"tags":[16710,30827],"class_list":["post-158806","post","type-post","status-publish","format-standard","has-post-thumbnail","hentry","category-ocio","tag-adrian-marcelo","tag-gala-montes","wp-image-borders"],"amp_enabled":true,"_links":{"self":[{"href":"https:\/\/nvnoticias.mx\/index.php\/wp-json\/wp\/v2\/posts\/158806","targetHints":{"allow":["GET"]}}],"collection":[{"href":"https:\/\/nvnoticias.mx\/index.php\/wp-json\/wp\/v2\/posts"}],"about":[{"href":"https:\/\/nvnoticias.mx\/index.php\/wp-json\/wp\/v2\/types\/post"}],"author":[{"embeddable":true,"href":"https:\/\/nvnoticias.mx\/index.php\/wp-json\/wp\/v2\/users\/8"}],"replies":[{"embeddable":true,"href":"https:\/\/nvnoticias.mx\/index.php\/wp-json\/wp\/v2\/comments?post=158806"}],"version-history":[{"count":1,"href":"https:\/\/nvnoticias.mx\/index.php\/wp-json\/wp\/v2\/posts\/158806\/revisions"}],"predecessor-version":[{"id":158808,"href":"https:\/\/nvnoticias.mx\/index.php\/wp-json\/wp\/v2\/posts\/158806\/revisions\/158808"}],"wp:featuredmedia":[{"embeddable":true,"href":"https:\/\/nvnoticias.mx\/index.php\/wp-json\/wp\/v2\/media\/158807"}],"wp:attachment":[{"href":"https:\/\/nvnoticias.mx\/index.php\/wp-json\/wp\/v2\/media?parent=158806"}],"wp:term":[{"taxonomy":"category","embeddable":true,"href":"https:\/\/nvnoticias.mx\/index.php\/wp-json\/wp\/v2\/categories?post=158806"},{"taxonomy":"post_tag","embeddable":true,"href":"https:\/\/nvnoticias.mx\/index.php\/wp-json\/wp\/v2\/tags?post=158806"}],"curies":[{"name":"wp","href":"https:\/\/api.w.org\/{rel}","templated":true}]}}