{"id":158570,"date":"2024-08-30T15:31:41","date_gmt":"2024-08-30T21:31:41","guid":{"rendered":"https:\/\/nvnoticias.mx\/?p=158570"},"modified":"2024-08-30T15:31:43","modified_gmt":"2024-08-30T21:31:43","slug":"ovidio-guzman-entra-al-programa-de-testigos-protegidos-fuente-de-la-dea","status":"publish","type":"post","link":"https:\/\/nvnoticias.mx\/index.php\/2024\/08\/30\/ovidio-guzman-entra-al-programa-de-testigos-protegidos-fuente-de-la-dea\/","title":{"rendered":"Ovidio Guzm\u00e1n entra al programa de testigos protegidos: Fuente de la DEA"},"content":{"rendered":"\n<p>Una fuente de la Administraci\u00f3n de Control de Drogas (<strong>DEA<\/strong>, por sus siglas en ingl\u00e9s) inform\u00f3<strong>\u00a0<\/strong>que\u00a0<strong>Ovidio Guzm\u00e1n<\/strong>, hijo de Joaqu\u00edn &#8220;El Chapo&#8221; Guzm\u00e1n entr\u00f3 al\u00a0<strong>programa de testigos protegidos<\/strong>\u00a0bajo el resguardo de los US Marshals y a\u00f1adi\u00f3 que no ser\u00e1 presentado p\u00fablicamente, pues su caso es clasificado.<\/p>\n\n\n\n<p>Guzm\u00e1n L\u00f3pez &#8220;El Rat\u00f3n&#8221;, aparece como ya no bajo custodia del Bur\u00f3 Federal de Prisiones (BOP). En su ficha del BOP sale como &#8220;released&#8221; desde el 23 de julio pasado.<\/p>\n\n\n\n<p>El\u00a0<strong>15 de septiembre de 2023<\/strong>, en pleno D\u00eda de la independencia de M\u00e9xico, el gobierno del presidente Andr\u00e9s Manuel L\u00f3pez Obrador<strong>extradit\u00f3 a Estados Unidos<\/strong>\u00a0a Guzm\u00e1n L\u00f3pez, para ser presentado ante una Corte de IIIinois, por delitos de tr\u00e1fico de coca\u00edna, metanfetaminas y marihuana.<\/p>\n\n\n\n<p>Ovidio Guzm\u00e1n,\u00a0<strong>l\u00edder de &#8220;Los Chapitos&#8221;<\/strong>, fue detenido en M\u00e9xico el 5 de enero de 2023. Estuvo recluido en el Centro Correccional Metropolitano de Chicago, Illinois, y el 18 de marzo pasado la jueza Sharon Johnson Coleman le ley\u00f3 los cargos de que se le acusa.<\/p>\n\n\n\n<p>El abogado de Ovidio es el mismo que el de su padre, &#8220;El Chapo&#8221;, exl\u00edder del\u00a0<strong>C\u00e1rtel de Sinaloa<\/strong>: Jeffrey Lichtman. Guzm\u00e1n Loera fue condenado a cadena perpetua, que cumple en la prisi\u00f3n de m\u00e1xima seguridad ADX en Florence, en Colorado.<\/p>\n\n\n\n<p>Los cargos contra Ovidio en Estados Unidos son igualmente graves: conspiraci\u00f3n para importar drogas, conspiraci\u00f3n para distribuir drogas, participaci\u00f3n en una empresa criminal continua, lavado de dinero y posesi\u00f3n de arma de fuego, entre otros. Ovidio se declar\u00f3\u00a0<strong>no culpable\u00a0<\/strong>de las acusaciones en su contra. Adem\u00e1s, su involucramiento en la distribuci\u00f3n de\u00a0<strong>fentanilo<\/strong>, que en 2022 caus\u00f3 la muerte de casi 80 mil personas en Estados Unidos, lo coloca en una posici\u00f3n m\u00e1s dif\u00edcil, con el gobierno de Estados Unidos tratando de enviar el mensaje de que quienes est\u00e1n causando la muerte de decenas de miles de ciudadanos pagar\u00e1n el precio.<\/p>\n\n\n\n<p>Fuente: <a href=\"https:\/\/www.eluniversal.com.mx\/mundo\/ovidio-guzman-entra-al-programa-de-testigos-protegidos-informa-la-dea\/\" data-type=\"link\" data-id=\"https:\/\/www.eluniversal.com.mx\/mundo\/ovidio-guzman-entra-al-programa-de-testigos-protegidos-informa-la-dea\/\">El Universal<\/a><\/p>\n","protected":false},"excerpt":{"rendered":"<p>Una fuente de la Administraci\u00f3n de Control de Drogas (DEA, por sus siglas en ingl\u00e9s) inform\u00f3\u00a0que\u00a0Ovidio Guzm\u00e1n, hijo de Joaqu\u00edn &#8220;El Chapo&#8221; Guzm\u00e1n entr\u00f3 al\u00a0programa de testigos protegidos\u00a0bajo el resguardo de los US Marshals y a\u00f1adi\u00f3 que no ser\u00e1 presentado p\u00fablicamente, pues su caso es clasificado. Guzm\u00e1n L\u00f3pez &#8220;El Rat\u00f3n&#8221;, aparece como ya no bajo [&hellip;]<\/p>\n","protected":false},"author":35,"featured_media":105606,"comment_status":"open","ping_status":"open","sticky":false,"template":"","format":"standard","meta":{"_monsterinsights_skip_tracking":false,"_monsterinsights_sitenote_active":false,"_monsterinsights_sitenote_note":"","_monsterinsights_sitenote_category":0,"footnotes":""},"categories":[181],"tags":[478,7928],"class_list":["post-158570","post","type-post","status-publish","format-standard","has-post-thumbnail","hentry","category-internacional","tag-dea","tag-ovidio-guzman","wp-image-borders"],"amp_enabled":true,"_links":{"self":[{"href":"https:\/\/nvnoticias.mx\/index.php\/wp-json\/wp\/v2\/posts\/158570","targetHints":{"allow":["GET"]}}],"collection":[{"href":"https:\/\/nvnoticias.mx\/index.php\/wp-json\/wp\/v2\/posts"}],"about":[{"href":"https:\/\/nvnoticias.mx\/index.php\/wp-json\/wp\/v2\/types\/post"}],"author":[{"embeddable":true,"href":"https:\/\/nvnoticias.mx\/index.php\/wp-json\/wp\/v2\/users\/35"}],"replies":[{"embeddable":true,"href":"https:\/\/nvnoticias.mx\/index.php\/wp-json\/wp\/v2\/comments?post=158570"}],"version-history":[{"count":1,"href":"https:\/\/nvnoticias.mx\/index.php\/wp-json\/wp\/v2\/posts\/158570\/revisions"}],"predecessor-version":[{"id":158571,"href":"https:\/\/nvnoticias.mx\/index.php\/wp-json\/wp\/v2\/posts\/158570\/revisions\/158571"}],"wp:featuredmedia":[{"embeddable":true,"href":"https:\/\/nvnoticias.mx\/index.php\/wp-json\/wp\/v2\/media\/105606"}],"wp:attachment":[{"href":"https:\/\/nvnoticias.mx\/index.php\/wp-json\/wp\/v2\/media?parent=158570"}],"wp:term":[{"taxonomy":"category","embeddable":true,"href":"https:\/\/nvnoticias.mx\/index.php\/wp-json\/wp\/v2\/categories?post=158570"},{"taxonomy":"post_tag","embeddable":true,"href":"https:\/\/nvnoticias.mx\/index.php\/wp-json\/wp\/v2\/tags?post=158570"}],"curies":[{"name":"wp","href":"https:\/\/api.w.org\/{rel}","templated":true}]}}