{"id":158544,"date":"2024-08-30T11:08:57","date_gmt":"2024-08-30T17:08:57","guid":{"rendered":"https:\/\/nvnoticias.mx\/?p=158544"},"modified":"2024-08-30T11:08:59","modified_gmt":"2024-08-30T17:08:59","slug":"norona-promete-presidir-senado-con-institucionalidad","status":"publish","type":"post","link":"https:\/\/nvnoticias.mx\/index.php\/2024\/08\/30\/norona-promete-presidir-senado-con-institucionalidad\/","title":{"rendered":"Noro\u00f1a promete presidir Senado con institucionalidad"},"content":{"rendered":"\n<p>El presidente de la Mesa Directiva del Senado, Gerardo Fern\u00e1ndez Noro\u00f1a, asegur\u00f3 que ejercer\u00e1 su encomienda con institucionalidad y entrega.<\/p>\n\n\n\n<p>En entrevista, el legislador reconoci\u00f3 que presidir el Senado\u00a0es una responsabilidad muy grande.<\/p>\n\n\n\n<p>&#8220;Es una responsabilidad muy grande. Hay facetas de mi actividad pol\u00edtica que no son muy conocidas, pero he ayudado y promovido un n\u00famero enorme de acuerdos, logr\u00e9 votaciones un\u00e1nimes, soy un pol\u00edtico con mucha experiencia&#8221;.&nbsp;<br>Noro\u00f1a explic\u00f3 que, a pesar de pertenecer y simpatizar con el movimiento de la llamada 4T, no se conducir\u00eda de manera facciosa mientras est\u00e9 desempe\u00f1ando su labor.<\/p>\n\n\n\n<p>&#8220;Soy de la fracci\u00f3n de Morena, pero eso no me har\u00e1 conducirme de manera facciosa, tengo muchos a\u00f1os como diputado, pero toda la vida reclam\u00e9 cuando hubo acciones facciosas. Eso no me quitar\u00e1 la dureza que me caracteriza, pero como presidente mi conducci\u00f3n ser\u00e1 imparcial, no soy un faccioso.<br>&#8220;No voy a cambiar, en debate seguir\u00e9 siendo igual de duro y contundente, pero, cuando eso suceda, me bajar\u00e9 de la Mesa Directiva. Mientras conducir\u00e9 los debates en los plenos, es una responsabilidad y lo har\u00e9 con el institucionalismo y la entrega que me caracteriza&#8221;, asegur\u00f3.<br><\/p>\n\n\n\n<p>Fuente: <a href=\"https:\/\/www.milenio.com\/politica\/norona-promete-presidir-senado-con-institucionalidad\" data-type=\"link\" data-id=\"https:\/\/www.milenio.com\/politica\/norona-promete-presidir-senado-con-institucionalidad\">Milenio<\/a><\/p>\n\n\n\n<p><br><\/p>\n","protected":false},"excerpt":{"rendered":"<p>El presidente de la Mesa Directiva del Senado, Gerardo Fern\u00e1ndez Noro\u00f1a, asegur\u00f3 que ejercer\u00e1 su encomienda con institucionalidad y entrega. En entrevista, el legislador reconoci\u00f3 que presidir el Senado\u00a0es una responsabilidad muy grande. &#8220;Es una responsabilidad muy grande. Hay facetas de mi actividad pol\u00edtica que no son muy conocidas, pero he ayudado y promovido un [&hellip;]<\/p>\n","protected":false},"author":35,"featured_media":68696,"comment_status":"open","ping_status":"open","sticky":false,"template":"","format":"standard","meta":{"_monsterinsights_skip_tracking":false,"_monsterinsights_sitenote_active":false,"_monsterinsights_sitenote_note":"","_monsterinsights_sitenote_category":0,"footnotes":""},"categories":[158],"tags":[5233],"class_list":["post-158544","post","type-post","status-publish","format-standard","has-post-thumbnail","hentry","category-politica","tag-fernandez-norona","wp-image-borders"],"amp_enabled":true,"_links":{"self":[{"href":"https:\/\/nvnoticias.mx\/index.php\/wp-json\/wp\/v2\/posts\/158544","targetHints":{"allow":["GET"]}}],"collection":[{"href":"https:\/\/nvnoticias.mx\/index.php\/wp-json\/wp\/v2\/posts"}],"about":[{"href":"https:\/\/nvnoticias.mx\/index.php\/wp-json\/wp\/v2\/types\/post"}],"author":[{"embeddable":true,"href":"https:\/\/nvnoticias.mx\/index.php\/wp-json\/wp\/v2\/users\/35"}],"replies":[{"embeddable":true,"href":"https:\/\/nvnoticias.mx\/index.php\/wp-json\/wp\/v2\/comments?post=158544"}],"version-history":[{"count":1,"href":"https:\/\/nvnoticias.mx\/index.php\/wp-json\/wp\/v2\/posts\/158544\/revisions"}],"predecessor-version":[{"id":158548,"href":"https:\/\/nvnoticias.mx\/index.php\/wp-json\/wp\/v2\/posts\/158544\/revisions\/158548"}],"wp:featuredmedia":[{"embeddable":true,"href":"https:\/\/nvnoticias.mx\/index.php\/wp-json\/wp\/v2\/media\/68696"}],"wp:attachment":[{"href":"https:\/\/nvnoticias.mx\/index.php\/wp-json\/wp\/v2\/media?parent=158544"}],"wp:term":[{"taxonomy":"category","embeddable":true,"href":"https:\/\/nvnoticias.mx\/index.php\/wp-json\/wp\/v2\/categories?post=158544"},{"taxonomy":"post_tag","embeddable":true,"href":"https:\/\/nvnoticias.mx\/index.php\/wp-json\/wp\/v2\/tags?post=158544"}],"curies":[{"name":"wp","href":"https:\/\/api.w.org\/{rel}","templated":true}]}}