{"id":158542,"date":"2024-08-30T11:07:12","date_gmt":"2024-08-30T17:07:12","guid":{"rendered":"https:\/\/nvnoticias.mx\/?p=158542"},"modified":"2024-08-30T11:07:14","modified_gmt":"2024-08-30T17:07:14","slug":"con-rodada-familias-y-ciclistas-recuerdan-a-personas-desaparecidas-en-xalapa","status":"publish","type":"post","link":"https:\/\/nvnoticias.mx\/index.php\/2024\/08\/30\/con-rodada-familias-y-ciclistas-recuerdan-a-personas-desaparecidas-en-xalapa\/","title":{"rendered":"Con rodada, familias y ciclistas recuerdan a personas desaparecidas en Xalapa"},"content":{"rendered":"\n<p><\/p>\n\n\n\n<p><strong>Sam Ojeda \/ NV Noticias<\/strong><\/p>\n\n\n\n<p>Xalapa.- Con una rodada, ciclistas y familiares de personas desaparecidas salieron a recorrer a sus seres queridos como parte de la conmemoraci\u00f3n del D\u00eda Internacional de las V\u00edctimas de Desaparici\u00f3n Forzada.<\/p>\n\n\n\n<p>El organizador de este evento, Gerardo Salas Gonz\u00e1lez, se\u00f1al\u00f3 que el objetivo es que la poblaci\u00f3n conozca los casos de desaparecidos y se eliminen las ideas preconcebidas sobre ellos.<\/p>\n\n\n\n<blockquote class=\"wp-block-quote is-layout-flow wp-block-quote-is-layout-flow\">\n<p><em>\u201cLa intenci\u00f3n es visibilizar a la poblaci\u00f3n, que conozcan qu\u00e9 significa la desaparici\u00f3n de una persona, que socialicen con las familias, que las conozcan y les cuenten su situaci\u00f3n y vayamos eliminando los criterios que algunos tienen sobre este fen\u00f3meno\u201d. <\/em><\/p>\n<\/blockquote>\n\n\n\n<p>Dijo que en esta actividad participaron al menos 30 ciclistas de diferentes grupos y organizaciones as\u00ed como familiares de personas desaparecidas.<\/p>\n\n\n\n<p>El punto de reuni\u00f3n fue El Olmo y avanzaron hacia la Fiscal\u00eda General de Veracruz (FGE) y luego hacia el mural de lo desaparecidos en la avenida Murillo Vidal, posteriormente avanzaron hacia la plaza Sebasti\u00e1n Lerdo de Tejada. <\/p>\n","protected":false},"excerpt":{"rendered":"<p>Sam Ojeda \/ NV Noticias Xalapa.- Con una rodada, ciclistas y familiares de personas desaparecidas salieron a recorrer a sus seres queridos como parte de la conmemoraci\u00f3n del D\u00eda Internacional de las V\u00edctimas de Desaparici\u00f3n Forzada. El organizador de este evento, Gerardo Salas Gonz\u00e1lez, se\u00f1al\u00f3 que el objetivo es que la poblaci\u00f3n conozca los casos [&hellip;]<\/p>\n","protected":false},"author":8,"featured_media":158545,"comment_status":"open","ping_status":"open","sticky":false,"template":"","format":"standard","meta":{"_monsterinsights_skip_tracking":false,"_monsterinsights_sitenote_active":false,"_monsterinsights_sitenote_note":"","_monsterinsights_sitenote_category":0,"footnotes":""},"categories":[156],"tags":[23476,950,1507,20022],"class_list":["post-158542","post","type-post","status-publish","format-standard","has-post-thumbnail","hentry","category-estado","tag-xalapa-3","tag-desaparecidos","tag-marcha","tag-rodada","wp-image-borders"],"amp_enabled":true,"_links":{"self":[{"href":"https:\/\/nvnoticias.mx\/index.php\/wp-json\/wp\/v2\/posts\/158542","targetHints":{"allow":["GET"]}}],"collection":[{"href":"https:\/\/nvnoticias.mx\/index.php\/wp-json\/wp\/v2\/posts"}],"about":[{"href":"https:\/\/nvnoticias.mx\/index.php\/wp-json\/wp\/v2\/types\/post"}],"author":[{"embeddable":true,"href":"https:\/\/nvnoticias.mx\/index.php\/wp-json\/wp\/v2\/users\/8"}],"replies":[{"embeddable":true,"href":"https:\/\/nvnoticias.mx\/index.php\/wp-json\/wp\/v2\/comments?post=158542"}],"version-history":[{"count":1,"href":"https:\/\/nvnoticias.mx\/index.php\/wp-json\/wp\/v2\/posts\/158542\/revisions"}],"predecessor-version":[{"id":158546,"href":"https:\/\/nvnoticias.mx\/index.php\/wp-json\/wp\/v2\/posts\/158542\/revisions\/158546"}],"wp:featuredmedia":[{"embeddable":true,"href":"https:\/\/nvnoticias.mx\/index.php\/wp-json\/wp\/v2\/media\/158545"}],"wp:attachment":[{"href":"https:\/\/nvnoticias.mx\/index.php\/wp-json\/wp\/v2\/media?parent=158542"}],"wp:term":[{"taxonomy":"category","embeddable":true,"href":"https:\/\/nvnoticias.mx\/index.php\/wp-json\/wp\/v2\/categories?post=158542"},{"taxonomy":"post_tag","embeddable":true,"href":"https:\/\/nvnoticias.mx\/index.php\/wp-json\/wp\/v2\/tags?post=158542"}],"curies":[{"name":"wp","href":"https:\/\/api.w.org\/{rel}","templated":true}]}}