{"id":158531,"date":"2024-08-30T10:48:47","date_gmt":"2024-08-30T16:48:47","guid":{"rendered":"https:\/\/nvnoticias.mx\/?p=158531"},"modified":"2024-08-30T10:48:49","modified_gmt":"2024-08-30T16:48:49","slug":"sheinbaum-explica-la-reforma-al-poder-judicial","status":"publish","type":"post","link":"https:\/\/nvnoticias.mx\/index.php\/2024\/08\/30\/sheinbaum-explica-la-reforma-al-poder-judicial\/","title":{"rendered":"Sheinbaum explica la reforma al Poder Judicial"},"content":{"rendered":"\n<p>En medio de las preocupaciones que ha causado la\u00a0sobrerrepresentaci\u00f3n en el Congreso de la Uni\u00f3n\u00a0y\u00a0la reforma al Poder Judicial,\u00a0impulsada por el presidente Andr\u00e9s Manuel L\u00f3pez Obrador<strong>, Claudia Sheinbaum Pardo aclar\u00f3 que actuar\u00e1n responsablemente<\/strong>\u00a0por la justicia, libertad y democracia del pa\u00eds.<\/p>\n\n\n\n<p>La mandataria electa aclar\u00f3 que, con la reforma, el pr\u00f3ximo presidente renuncia a nombrar la terna para que se escoja al pr\u00f3ximo ministro de la\u00a0Suprema Corte de Justicia de la Naci\u00f3n (SCJN)\u00a0factor que no concentrar\u00eda el poder en el Ejecutivo.<\/p>\n\n\n\n<p>\u201cSe dice que ahora la elecci\u00f3n de los jueces, los magistrados y los ministros le va a dar mucho poder a la pr\u00f3xima presidenta. Bueno, les voy a explicar, si sigui\u00e9ramos con la situaci\u00f3n actual a m\u00ed me tocar\u00eda elegir a tres ministros de la Suprema Corte c\u00f3mo es actualmente&#8230; Con esta reforma, si ustedes lo ven as\u00ed,\u00a0<strong>la pr\u00f3xima presidente est\u00e1 renunciando a nombrar personalmente a los pr\u00f3ximos ministros<\/strong>\u00a0de la Corte y, \u00bfqu\u00e9 es lo que hacemos?<strong>\u00a0Lo ponemos a voto popular<\/strong>, qui\u00e9nes van a participar en esta elecci\u00f3n no son los que yo decida\u201d, explico Sheinbaum en un video publicado a trav\u00e9s de X.<\/p>\n\n\n\n<p>Claudia Sheinbaum detall\u00f3 que no cualquier persona podr\u00e1 postularse como\u00a0ministro,\u00a0pues ser\u00e1 necesario cumplir con una serie de requisitos para participar y entrar a la Corte.<\/p>\n\n\n\n<p>\u201cTienen que cumplir incluso con&nbsp;<strong>calificaciones en las materias en las que est\u00e1n procurando ser o participar<\/strong>&nbsp;en esta elecci\u00f3n. Hay una comisi\u00f3n de expertos de juristas que va a revisar a todos los que van a participar y van a decidir un n\u00famero espec\u00edfico y, una vez que se decide ese n\u00famero espec\u00edfico, una vez revisado lo que viene en la Constituci\u00f3n y lo que se plantea para estos jueces ministros o magistrados, pues entonces despu\u00e9s se hace una selecci\u00f3n\u201d, coment\u00f3 este jueves 29 de agosto.<\/p>\n\n\n\n<p>Sheinbaum remarc\u00f3 que la presidenta no tendr\u00e1 injerencia en la elecci\u00f3n de los ministros, pues el objetivo es que se elijan democr\u00e1ticamente al igual que se hace con el titular del Ejecutivo, los diputados y los senadores.<\/p>\n\n\n\n<p>Fuente: <a href=\"https:\/\/www.elfinanciero.com.mx\/nacional\/2024\/08\/29\/sheinbaum-explica-la-reforma-al-poder-judicial-renunciare-a-elegir-a-los-ministros-de-la-corte\/\" data-type=\"link\" data-id=\"https:\/\/www.elfinanciero.com.mx\/nacional\/2024\/08\/29\/sheinbaum-explica-la-reforma-al-poder-judicial-renunciare-a-elegir-a-los-ministros-de-la-corte\/\">El Financiero<\/a><\/p>\n","protected":false},"excerpt":{"rendered":"<p>En medio de las preocupaciones que ha causado la\u00a0sobrerrepresentaci\u00f3n en el Congreso de la Uni\u00f3n\u00a0y\u00a0la reforma al Poder Judicial,\u00a0impulsada por el presidente Andr\u00e9s Manuel L\u00f3pez Obrador, Claudia Sheinbaum Pardo aclar\u00f3 que actuar\u00e1n responsablemente\u00a0por la justicia, libertad y democracia del pa\u00eds. La mandataria electa aclar\u00f3 que, con la reforma, el pr\u00f3ximo presidente renuncia a nombrar la [&hellip;]<\/p>\n","protected":false},"author":35,"featured_media":158532,"comment_status":"open","ping_status":"open","sticky":false,"template":"","format":"standard","meta":{"_monsterinsights_skip_tracking":false,"_monsterinsights_sitenote_active":false,"_monsterinsights_sitenote_note":"","_monsterinsights_sitenote_category":0,"footnotes":""},"categories":[158],"tags":[2801,2321],"class_list":["post-158531","post","type-post","status-publish","format-standard","has-post-thumbnail","hentry","category-politica","tag-claudia-sheinbaum","tag-poder-judicial","wp-image-borders"],"amp_enabled":true,"_links":{"self":[{"href":"https:\/\/nvnoticias.mx\/index.php\/wp-json\/wp\/v2\/posts\/158531","targetHints":{"allow":["GET"]}}],"collection":[{"href":"https:\/\/nvnoticias.mx\/index.php\/wp-json\/wp\/v2\/posts"}],"about":[{"href":"https:\/\/nvnoticias.mx\/index.php\/wp-json\/wp\/v2\/types\/post"}],"author":[{"embeddable":true,"href":"https:\/\/nvnoticias.mx\/index.php\/wp-json\/wp\/v2\/users\/35"}],"replies":[{"embeddable":true,"href":"https:\/\/nvnoticias.mx\/index.php\/wp-json\/wp\/v2\/comments?post=158531"}],"version-history":[{"count":1,"href":"https:\/\/nvnoticias.mx\/index.php\/wp-json\/wp\/v2\/posts\/158531\/revisions"}],"predecessor-version":[{"id":158533,"href":"https:\/\/nvnoticias.mx\/index.php\/wp-json\/wp\/v2\/posts\/158531\/revisions\/158533"}],"wp:featuredmedia":[{"embeddable":true,"href":"https:\/\/nvnoticias.mx\/index.php\/wp-json\/wp\/v2\/media\/158532"}],"wp:attachment":[{"href":"https:\/\/nvnoticias.mx\/index.php\/wp-json\/wp\/v2\/media?parent=158531"}],"wp:term":[{"taxonomy":"category","embeddable":true,"href":"https:\/\/nvnoticias.mx\/index.php\/wp-json\/wp\/v2\/categories?post=158531"},{"taxonomy":"post_tag","embeddable":true,"href":"https:\/\/nvnoticias.mx\/index.php\/wp-json\/wp\/v2\/tags?post=158531"}],"curies":[{"name":"wp","href":"https:\/\/api.w.org\/{rel}","templated":true}]}}