{"id":158441,"date":"2024-08-29T11:26:43","date_gmt":"2024-08-29T17:26:43","guid":{"rendered":"https:\/\/nvnoticias.mx\/?p=158441"},"modified":"2024-08-29T11:26:45","modified_gmt":"2024-08-29T17:26:45","slug":"lanza-sheinbaum-recomendacion-a-estudiantes-de-derecho-tras-protestar-contra-la-reforma-al-poder-judicial","status":"publish","type":"post","link":"https:\/\/nvnoticias.mx\/index.php\/2024\/08\/29\/lanza-sheinbaum-recomendacion-a-estudiantes-de-derecho-tras-protestar-contra-la-reforma-al-poder-judicial\/","title":{"rendered":"Lanza Sheinbaum recomendaci\u00f3n a estudiantes de derecho tras protestar contra la reforma al Poder Judicial"},"content":{"rendered":"\n<p>Tan solo unas horas despu\u00e9s de que el presidente de M\u00e9xico,\u00a0<strong>Andr\u00e9s Manuel L\u00f3pez obrador<\/strong>\u00a0(<strong>AMLO<\/strong>) se pronunciara por la\u00a0<strong>protesta\u00a0<\/strong>llevada a cabo por los<strong>\u00a0alumnos de derecho<\/strong>\u00a0de la Facultad perteneciente a la Universidad Nacional Aut\u00f3noma de M\u00e9xico (<strong>UNAM<\/strong>), en contra de la\u00a0<strong>reforma al Poder Judicial<\/strong>, ahora fue el turno de la presidenta electa,\u00a0<strong>Claudia Sheinbaum Pardo<\/strong>, quien fue abordada por los representantes de la prensa en las inmediaciones de su casa de transici\u00f3n.<\/p>\n\n\n\n<p>La exjefa de Gobierno de la Ciudad de M\u00e9xico, quien se sabe no cuenta con actividades p\u00fablicas para este jueves, defendi\u00f3 la reforma impulsada por el presidente saliente al remarcar que, dentro del Poder Judicial hay mucho&nbsp;<strong>nepotismo<\/strong>, por lo cual hizo hincapi\u00e9 en que los estudiantes, que se manifestaron el d\u00eda de ayer, deber\u00edan leer bien la propuesta hecha por los diputados.<\/p>\n\n\n\n<blockquote class=\"wp-block-quote is-layout-flow wp-block-quote-is-layout-flow\">\n<p>\u201cEl nombramiento de los jueces no es un asunto de carrera judicial. Hay muchos familiares, nepotismo\u201d, dijo.<\/p>\n<\/blockquote>\n\n\n\n<p>Previo a llevar a cabo diversas reuniones con funcionarios nacionales electos, la morenista explic\u00f3, a bordo de su veh\u00edculo particular, que con esta reforma los\u00a0<strong>estudiantes de derecho<\/strong>, que basta remarcar protestaron a tarde del 28 de agosto,\u00a0<strong>pueden ser elegidos<\/strong>\u00a0para la elecci\u00f3n de jueces y magistrados que propone esta reforma, siempre y cuando se cumplan con los requisitos y tras ello, se pase de manera satisfactoria, las Comisiones que definir\u00e1n qui\u00e9nes ser\u00edan considerados para llegar al Poder Judicial.<\/p>\n\n\n\n<blockquote class=\"wp-block-quote is-layout-flow wp-block-quote-is-layout-flow\">\n<p>\u201cUn estudiante de la Facultad de Derecho que cumpla con los requisitos y pase por las Comisiones que van a definir qui\u00e9nes van a ser los que puedan participar en una elecci\u00f3n, pues pueden participar\u201d, asegur\u00f3<\/p>\n<\/blockquote>\n\n\n\n<p>Retomando su discurso inicial, la presienta electa remarco que, si se trata de elegir a familiares o amigos como sucede actualmente, ir\u00eda en contra de lo que la reforma busca que es que<strong>\u00a0haya un pa\u00eds m\u00e1s democr\u00e1tico<\/strong>, algo que busca todo el pueblo de M\u00e9xico.<\/p>\n\n\n\n<p>Fuente: <a href=\"https:\/\/www.infobae.com\/mexico\/2024\/08\/29\/sheinbaum-lanza-recomendacion-a-estudiantes-de-derecho-tras-protestar-contra-la-reforma-al-poder-judicial-lean-bien\/\" data-type=\"link\" data-id=\"https:\/\/www.infobae.com\/mexico\/2024\/08\/29\/sheinbaum-lanza-recomendacion-a-estudiantes-de-derecho-tras-protestar-contra-la-reforma-al-poder-judicial-lean-bien\/\">El Universal<\/a><\/p>\n","protected":false},"excerpt":{"rendered":"<p>Tan solo unas horas despu\u00e9s de que el presidente de M\u00e9xico,\u00a0Andr\u00e9s Manuel L\u00f3pez obrador\u00a0(AMLO) se pronunciara por la\u00a0protesta\u00a0llevada a cabo por los\u00a0alumnos de derecho\u00a0de la Facultad perteneciente a la Universidad Nacional Aut\u00f3noma de M\u00e9xico (UNAM), en contra de la\u00a0reforma al Poder Judicial, ahora fue el turno de la presidenta electa,\u00a0Claudia Sheinbaum Pardo, quien fue abordada [&hellip;]<\/p>\n","protected":false},"author":35,"featured_media":157183,"comment_status":"open","ping_status":"open","sticky":false,"template":"","format":"standard","meta":{"_monsterinsights_skip_tracking":false,"_monsterinsights_sitenote_active":false,"_monsterinsights_sitenote_note":"","_monsterinsights_sitenote_category":0,"footnotes":""},"categories":[158],"tags":[2801,2321],"class_list":["post-158441","post","type-post","status-publish","format-standard","has-post-thumbnail","hentry","category-politica","tag-claudia-sheinbaum","tag-poder-judicial","wp-image-borders"],"amp_enabled":true,"_links":{"self":[{"href":"https:\/\/nvnoticias.mx\/index.php\/wp-json\/wp\/v2\/posts\/158441","targetHints":{"allow":["GET"]}}],"collection":[{"href":"https:\/\/nvnoticias.mx\/index.php\/wp-json\/wp\/v2\/posts"}],"about":[{"href":"https:\/\/nvnoticias.mx\/index.php\/wp-json\/wp\/v2\/types\/post"}],"author":[{"embeddable":true,"href":"https:\/\/nvnoticias.mx\/index.php\/wp-json\/wp\/v2\/users\/35"}],"replies":[{"embeddable":true,"href":"https:\/\/nvnoticias.mx\/index.php\/wp-json\/wp\/v2\/comments?post=158441"}],"version-history":[{"count":1,"href":"https:\/\/nvnoticias.mx\/index.php\/wp-json\/wp\/v2\/posts\/158441\/revisions"}],"predecessor-version":[{"id":158442,"href":"https:\/\/nvnoticias.mx\/index.php\/wp-json\/wp\/v2\/posts\/158441\/revisions\/158442"}],"wp:featuredmedia":[{"embeddable":true,"href":"https:\/\/nvnoticias.mx\/index.php\/wp-json\/wp\/v2\/media\/157183"}],"wp:attachment":[{"href":"https:\/\/nvnoticias.mx\/index.php\/wp-json\/wp\/v2\/media?parent=158441"}],"wp:term":[{"taxonomy":"category","embeddable":true,"href":"https:\/\/nvnoticias.mx\/index.php\/wp-json\/wp\/v2\/categories?post=158441"},{"taxonomy":"post_tag","embeddable":true,"href":"https:\/\/nvnoticias.mx\/index.php\/wp-json\/wp\/v2\/tags?post=158441"}],"curies":[{"name":"wp","href":"https:\/\/api.w.org\/{rel}","templated":true}]}}