{"id":158365,"date":"2024-08-28T11:11:10","date_gmt":"2024-08-28T17:11:10","guid":{"rendered":"https:\/\/nvnoticias.mx\/?p=158365"},"modified":"2024-08-28T11:11:12","modified_gmt":"2024-08-28T17:11:12","slug":"amlo-rechaza-que-vaya-a-tener-diferencias-con-claudia-sheinbaum-por-reforma-judicial","status":"publish","type":"post","link":"https:\/\/nvnoticias.mx\/index.php\/2024\/08\/28\/amlo-rechaza-que-vaya-a-tener-diferencias-con-claudia-sheinbaum-por-reforma-judicial\/","title":{"rendered":"\u00a0AMLO rechaza que vaya a tener diferencias con Claudia Sheinbaum por reforma judicial"},"content":{"rendered":"\n<p>Al manifestar que sus opositores \u201c<strong>quisieran que nos pelearemos<\/strong>\u201d, el\u00a0<strong>presidente Andr\u00e9s Manuel L\u00f3pez Obrador\u00a0<\/strong>rechaz\u00f3 que vaya a tener alguna diferencia o pelea con la presidenta electa\u00a0<strong>Claudia Sheinbaum\u00a0<\/strong>Pardo por el tema de la<strong>reforma al Poder Judicial.<\/strong><\/p>\n\n\n\n<p>Esto luego de que&nbsp;<strong>Ricardo Monreal<\/strong>, pr\u00f3ximo coordinador de la bancada de&nbsp;<strong>Morena&nbsp;<\/strong>en la&nbsp;<strong>C\u00e1mara de Diputados<\/strong>, afirmara ayer que a sugerencia de Claudia Sheinbaum Pardo, su grupo parlamentario acord\u00f3 no precipitar la aprobaci\u00f3n de esta reforma.<\/p>\n\n\n\n<p>En conferencia de prensa matutina, el jefe del Ejecutivo federal asegur\u00f3 que \u00e9l y la pr\u00f3xima presidenta est\u00e1n de acuerdo en que se necesitan cambios en el\u00a0<strong>Poder Judicial.<\/strong><\/p>\n\n\n\n<p>\u201cElla coincide de que hace falta la reforma al Poder Judicial\u201d, dijo el Mandatario federal, quien afirm\u00f3 que se est\u00e1n respetando los tiempos del proceso legislativo para llevar a cabo los cambios constitucionales.<\/p>\n\n\n\n<p>\u201cEl d\u00eda que se d\u00e9 un pleito entre nosotros, ese d\u00eda van a hacer fiesta, pero se van a quedar con las ganas (&#8230;) Coincidimos. O sea, \u00bfqu\u00e9 quisieran nuestros adversarios? Que nos pele\u00e1ramos, que hubiese diferencias, ese d\u00eda har\u00edan fiesta&#8221;.<\/p>\n\n\n\n<p>En Palacio Nacional, el presidente Andr\u00e9s Manuel L\u00f3pez Obrador asegur\u00f3 que no se pelear\u00e1 con nadie por la reforma judicial.<\/p>\n\n\n\n<p>Fuente:<a href=\"https:\/\/www.eluniversal.com.mx\/nacion\/quisieran-que-nos-pelearemos-amlo-rechaza-que-vaya-a-tener-diferencias-con-claudia-sheinbaum-por-reforma-judicial\/\" data-type=\"link\" data-id=\"https:\/\/www.eluniversal.com.mx\/nacion\/quisieran-que-nos-pelearemos-amlo-rechaza-que-vaya-a-tener-diferencias-con-claudia-sheinbaum-por-reforma-judicial\/\"> El Universal<\/a><\/p>\n","protected":false},"excerpt":{"rendered":"<p>Al manifestar que sus opositores \u201cquisieran que nos pelearemos\u201d, el\u00a0presidente Andr\u00e9s Manuel L\u00f3pez Obrador\u00a0rechaz\u00f3 que vaya a tener alguna diferencia o pelea con la presidenta electa\u00a0Claudia Sheinbaum\u00a0Pardo por el tema de lareforma al Poder Judicial. Esto luego de que&nbsp;Ricardo Monreal, pr\u00f3ximo coordinador de la bancada de&nbsp;Morena&nbsp;en la&nbsp;C\u00e1mara de Diputados, afirmara ayer que a sugerencia de [&hellip;]<\/p>\n","protected":false},"author":35,"featured_media":121264,"comment_status":"open","ping_status":"open","sticky":false,"template":"","format":"standard","meta":{"_monsterinsights_skip_tracking":false,"_monsterinsights_sitenote_active":false,"_monsterinsights_sitenote_note":"","_monsterinsights_sitenote_category":0,"footnotes":""},"categories":[158],"tags":[188,2801],"class_list":["post-158365","post","type-post","status-publish","format-standard","has-post-thumbnail","hentry","category-politica","tag-amlo","tag-claudia-sheinbaum","wp-image-borders"],"amp_enabled":true,"_links":{"self":[{"href":"https:\/\/nvnoticias.mx\/index.php\/wp-json\/wp\/v2\/posts\/158365","targetHints":{"allow":["GET"]}}],"collection":[{"href":"https:\/\/nvnoticias.mx\/index.php\/wp-json\/wp\/v2\/posts"}],"about":[{"href":"https:\/\/nvnoticias.mx\/index.php\/wp-json\/wp\/v2\/types\/post"}],"author":[{"embeddable":true,"href":"https:\/\/nvnoticias.mx\/index.php\/wp-json\/wp\/v2\/users\/35"}],"replies":[{"embeddable":true,"href":"https:\/\/nvnoticias.mx\/index.php\/wp-json\/wp\/v2\/comments?post=158365"}],"version-history":[{"count":1,"href":"https:\/\/nvnoticias.mx\/index.php\/wp-json\/wp\/v2\/posts\/158365\/revisions"}],"predecessor-version":[{"id":158366,"href":"https:\/\/nvnoticias.mx\/index.php\/wp-json\/wp\/v2\/posts\/158365\/revisions\/158366"}],"wp:featuredmedia":[{"embeddable":true,"href":"https:\/\/nvnoticias.mx\/index.php\/wp-json\/wp\/v2\/media\/121264"}],"wp:attachment":[{"href":"https:\/\/nvnoticias.mx\/index.php\/wp-json\/wp\/v2\/media?parent=158365"}],"wp:term":[{"taxonomy":"category","embeddable":true,"href":"https:\/\/nvnoticias.mx\/index.php\/wp-json\/wp\/v2\/categories?post=158365"},{"taxonomy":"post_tag","embeddable":true,"href":"https:\/\/nvnoticias.mx\/index.php\/wp-json\/wp\/v2\/tags?post=158365"}],"curies":[{"name":"wp","href":"https:\/\/api.w.org\/{rel}","templated":true}]}}