{"id":158247,"date":"2024-08-26T20:10:43","date_gmt":"2024-08-27T02:10:43","guid":{"rendered":"https:\/\/nvnoticias.mx\/?p=158247"},"modified":"2024-08-26T20:10:45","modified_gmt":"2024-08-27T02:10:45","slug":"reforma-al-poder-judicial-es-aprobada-en-lo-general-en-comision-de-san-lazaro","status":"publish","type":"post","link":"https:\/\/nvnoticias.mx\/index.php\/2024\/08\/26\/reforma-al-poder-judicial-es-aprobada-en-lo-general-en-comision-de-san-lazaro\/","title":{"rendered":"Reforma al Poder Judicial es aprobada en lo general en comisi\u00f3n de San L\u00e1zaro"},"content":{"rendered":"\n<p><\/p>\n\n\n\n<p>Con 22 votos a favor y 17 en contra, la Comisi\u00f3n de Puntos Constitucionales de la C\u00e1mara de Diputados aprob\u00f3 en lo general la reforma al Poder Judicial que, entre otros aspectos, prev\u00e9 la elecci\u00f3n de ministros, magistrados y jueces por voto popular.<\/p>\n\n\n\n<p>Legisladores de todos los grupos parlamentarios presentaron reservas a diversos art\u00edculos para su discusi\u00f3n en lo particular durante las pr\u00f3ximas horas.<\/p>\n\n\n\n<p>Despu\u00e9s de un r\u00edspido debate de siete horas, los legisladores de Morena y sus aliados avalaron el proyecto que plantea asimismo la renovaci\u00f3n total de la Suprema Corte de Justicia de la Naci\u00f3n (SCJN), as\u00ed como de la mitad de los magistrados de circuito y jueces de distrito, en 2025.<\/p>\n\n\n\n<p>Considera reducir de 11 a nueve el n\u00famero de ministros de la Corte y de 15 a 12 a\u00f1os la duraci\u00f3n en el cargo, adem\u00e1s de recortar sus remuneraciones para evitar que obtengan una percepci\u00f3n superior a la del Presidente.&nbsp;<\/p>\n\n\n\n<p>El proyecto a discusi\u00f3n establece la desaparici\u00f3n del Consejo de la Judicatura Federal para ser sustituido por un \u00f3rgano administrativo y un Tribunal de Disciplina Judicial encargado de supervisar la actuaci\u00f3n de los jueces y, en su caso, imponerles sanciones.<\/p>\n\n\n\n<p>Entre las reservas que presentar\u00e1 hoy el grupo parlamentario de Morena destaca una para incorporar la figura de los jueces sin rostro como mecanismo de protecci\u00f3n a los juzgadores en los casos relacionados con el crimen organizado.<\/p>\n\n\n\n<p>Fuente: <a href=\"https:\/\/www.milenio.com\/politica\/reforma-al-poder-judicial-es-aprobada-en-comision-de-san-lazaro\">Milenio<\/a><\/p>\n","protected":false},"excerpt":{"rendered":"<p>Con 22 votos a favor y 17 en contra, la Comisi\u00f3n de Puntos Constitucionales de la C\u00e1mara de Diputados aprob\u00f3 en lo general la reforma al Poder Judicial que, entre otros aspectos, prev\u00e9 la elecci\u00f3n de ministros, magistrados y jueces por voto popular. Legisladores de todos los grupos parlamentarios presentaron reservas a diversos art\u00edculos para [&hellip;]<\/p>\n","protected":false},"author":8,"featured_media":83823,"comment_status":"open","ping_status":"open","sticky":false,"template":"","format":"standard","meta":{"_monsterinsights_skip_tracking":false,"_monsterinsights_sitenote_active":false,"_monsterinsights_sitenote_note":"","_monsterinsights_sitenote_category":0,"footnotes":""},"categories":[158],"tags":[2321,162,1942],"class_list":["post-158247","post","type-post","status-publish","format-standard","has-post-thumbnail","hentry","category-politica","tag-poder-judicial","tag-portada","tag-reforma","wp-image-borders"],"amp_enabled":true,"_links":{"self":[{"href":"https:\/\/nvnoticias.mx\/index.php\/wp-json\/wp\/v2\/posts\/158247","targetHints":{"allow":["GET"]}}],"collection":[{"href":"https:\/\/nvnoticias.mx\/index.php\/wp-json\/wp\/v2\/posts"}],"about":[{"href":"https:\/\/nvnoticias.mx\/index.php\/wp-json\/wp\/v2\/types\/post"}],"author":[{"embeddable":true,"href":"https:\/\/nvnoticias.mx\/index.php\/wp-json\/wp\/v2\/users\/8"}],"replies":[{"embeddable":true,"href":"https:\/\/nvnoticias.mx\/index.php\/wp-json\/wp\/v2\/comments?post=158247"}],"version-history":[{"count":1,"href":"https:\/\/nvnoticias.mx\/index.php\/wp-json\/wp\/v2\/posts\/158247\/revisions"}],"predecessor-version":[{"id":158248,"href":"https:\/\/nvnoticias.mx\/index.php\/wp-json\/wp\/v2\/posts\/158247\/revisions\/158248"}],"wp:featuredmedia":[{"embeddable":true,"href":"https:\/\/nvnoticias.mx\/index.php\/wp-json\/wp\/v2\/media\/83823"}],"wp:attachment":[{"href":"https:\/\/nvnoticias.mx\/index.php\/wp-json\/wp\/v2\/media?parent=158247"}],"wp:term":[{"taxonomy":"category","embeddable":true,"href":"https:\/\/nvnoticias.mx\/index.php\/wp-json\/wp\/v2\/categories?post=158247"},{"taxonomy":"post_tag","embeddable":true,"href":"https:\/\/nvnoticias.mx\/index.php\/wp-json\/wp\/v2\/tags?post=158247"}],"curies":[{"name":"wp","href":"https:\/\/api.w.org\/{rel}","templated":true}]}}