{"id":158212,"date":"2024-08-26T12:12:10","date_gmt":"2024-08-26T18:12:10","guid":{"rendered":"https:\/\/nvnoticias.mx\/?p=158212"},"modified":"2024-08-26T12:12:11","modified_gmt":"2024-08-26T18:12:11","slug":"conductores-de-hoy-explotan-contra-adrian-marcelo-por-provocarle-una-crisis-y-llanto-a-arath-de-la-torre","status":"publish","type":"post","link":"https:\/\/nvnoticias.mx\/index.php\/2024\/08\/26\/conductores-de-hoy-explotan-contra-adrian-marcelo-por-provocarle-una-crisis-y-llanto-a-arath-de-la-torre\/","title":{"rendered":"Conductores de Hoy explotan contra Adri\u00e1n Marcelo por provocarle una crisis y llanto a Arath de la Torre"},"content":{"rendered":"\n<p>Durante la quinta Gala de Eliminaci\u00f3n de\u00a0<em><strong>La Casa de los Famosos M\u00e9xico 2024<\/strong><\/em>, que ocurri\u00f3 el pasado domingo 25 de agosto,\u00a0<strong>Adri\u00e1n Marcelo\u00a0<\/strong>de nueva cuenta atac\u00f3 a<strong>\u00a0Arath de la Torre\u00a0<\/strong>con un argumento calificado por \u00e9l, los fans y colegas del presentador de\u00a0<em><strong>Hoy<\/strong><\/em>\u00a0como \u2018bajo\u2019, ya que el regiomontano hizo referencia a una presunta vida \u2018opulenta\u2019 que tiene el tambi\u00e9n actor y motivo por el que ya no deber\u00eda estar en el reality show se\u00a0<em><strong>Televisa<\/strong><\/em>.<\/p>\n\n\n\n<p>Provocando que minutos despu\u00e9s el famoso rompiera en llanto y mostrara que atravesaba\u00a0<strong>una fuerte crisis emocional\u00a0<\/strong>en la que incluso pidi\u00f3 ser eliminado ya s\u00ed dejar atr\u00e1s el programa tal y como lo ha manifestado desde hace un par de semana atr\u00e1s el mismo.<\/p>\n\n\n\n<p>Sin embargo y tras una nueva victoria por quedar otra semana m\u00e1s en<em><strong>\u00a0La Casa de los Famosos M\u00e9xico 2024<\/strong><\/em>, los colegas de Arath de la Torre en Hoy han salido en su defensa \u2018destrozando\u2019 a Adri\u00e1n Marcelo de nueva cuenta por los ataques que le hace en el reality show de\u00a0<em>Televisa<\/em>.<\/p>\n\n\n\n<p><strong>Paul Stanley<\/strong>,<strong>\u00a0Tania Rinc\u00f3n<\/strong>\u00a0e incluso<strong>\u00a0Ra\u00fal Araiza\u00a0<\/strong>desaprobaron el duro golpe bajo que le dio el conductor a su colega de Televisa en la quinta Gala de Eliminaci\u00f3n de<em>La Casa de los Famosos M\u00e9xico 2024<\/em>. Aunque ser\u00eda\u00a0<strong>Andrea Legarreta<\/strong>\u00a0quien m\u00e1s comentarios lanz\u00f3 en contra del presentador regiomontano.<\/p>\n\n\n\n<p>Andrea Legarreta: \u201cNosotros no solo somos somos su equipo porque est\u00e1 en el<em>\u00a0Programa Hoy<\/em>, es nuestro amigo, lo queremos, lo hemos visto pasar por distintas cosas. Pero esto que sucedi\u00f3 y\u00a0<strong>esta bajeza que una vez m\u00e1s no se puede tapar<\/strong>, \u00e9l fingi\u00f3 durante una semana que estaba jugando y no,\u00a0<strong>la verdad s\u00ed sale, s\u00ed brota<\/strong>. Hay cosas que s\u00ed son un juego y otras que<strong>\u00a0la maldad es evidente<\/strong>\u201d.<\/p>\n\n\n\n<p>Paul Stanley: \u201cSobre todo cuando<strong>&nbsp;te pegan en las cosas que eres m\u00e1s sensible&nbsp;<\/strong>como la familia. Adentro todo lo usan\u201d.<\/p>\n\n\n\n<p>Tania: \u201cQue t\u00fa mismo has confiado\u201d.<\/p>\n\n\n\n<p>Andrea Legarreta: \u201cArath estamos contigo, te amamos, sabemos que<strong>\u00a0entraste en una crisis, nos doli\u00f3, estabas llorando<\/strong>, que bueno que lo salvaron y a los del Team Mar, los quiere, del otro cuarto habr\u00e1 a quienes tambi\u00e9n y a quienes no\u201d.<\/p>\n\n\n\n<p>Fuente: <a href=\"https:\/\/www.infobae.com\/mexico\/2024\/08\/26\/conductores-de-hoy-explotan-contra-adrian-marcelo-por-provocarle-una-crisis-y-llanto-a-arath-de-la-torre-nos-dolio\/\" data-type=\"link\" data-id=\"https:\/\/www.infobae.com\/mexico\/2024\/08\/26\/conductores-de-hoy-explotan-contra-adrian-marcelo-por-provocarle-una-crisis-y-llanto-a-arath-de-la-torre-nos-dolio\/\">Infobae<\/a><\/p>\n","protected":false},"excerpt":{"rendered":"<p>Durante la quinta Gala de Eliminaci\u00f3n de\u00a0La Casa de los Famosos M\u00e9xico 2024, que ocurri\u00f3 el pasado domingo 25 de agosto,\u00a0Adri\u00e1n Marcelo\u00a0de nueva cuenta atac\u00f3 a\u00a0Arath de la Torre\u00a0con un argumento calificado por \u00e9l, los fans y colegas del presentador de\u00a0Hoy\u00a0como \u2018bajo\u2019, ya que el regiomontano hizo referencia a una presunta vida \u2018opulenta\u2019 que tiene [&hellip;]<\/p>\n","protected":false},"author":35,"featured_media":158213,"comment_status":"open","ping_status":"open","sticky":false,"template":"","format":"standard","meta":{"_monsterinsights_skip_tracking":false,"_monsterinsights_sitenote_active":false,"_monsterinsights_sitenote_note":"","_monsterinsights_sitenote_category":0,"footnotes":""},"categories":[576],"tags":[16710,4671,14187],"class_list":["post-158212","post","type-post","status-publish","format-standard","has-post-thumbnail","hentry","category-ocio","tag-adrian-marcelo","tag-arath-de-la-torre","tag-hoy","wp-image-borders"],"amp_enabled":true,"_links":{"self":[{"href":"https:\/\/nvnoticias.mx\/index.php\/wp-json\/wp\/v2\/posts\/158212","targetHints":{"allow":["GET"]}}],"collection":[{"href":"https:\/\/nvnoticias.mx\/index.php\/wp-json\/wp\/v2\/posts"}],"about":[{"href":"https:\/\/nvnoticias.mx\/index.php\/wp-json\/wp\/v2\/types\/post"}],"author":[{"embeddable":true,"href":"https:\/\/nvnoticias.mx\/index.php\/wp-json\/wp\/v2\/users\/35"}],"replies":[{"embeddable":true,"href":"https:\/\/nvnoticias.mx\/index.php\/wp-json\/wp\/v2\/comments?post=158212"}],"version-history":[{"count":1,"href":"https:\/\/nvnoticias.mx\/index.php\/wp-json\/wp\/v2\/posts\/158212\/revisions"}],"predecessor-version":[{"id":158214,"href":"https:\/\/nvnoticias.mx\/index.php\/wp-json\/wp\/v2\/posts\/158212\/revisions\/158214"}],"wp:featuredmedia":[{"embeddable":true,"href":"https:\/\/nvnoticias.mx\/index.php\/wp-json\/wp\/v2\/media\/158213"}],"wp:attachment":[{"href":"https:\/\/nvnoticias.mx\/index.php\/wp-json\/wp\/v2\/media?parent=158212"}],"wp:term":[{"taxonomy":"category","embeddable":true,"href":"https:\/\/nvnoticias.mx\/index.php\/wp-json\/wp\/v2\/categories?post=158212"},{"taxonomy":"post_tag","embeddable":true,"href":"https:\/\/nvnoticias.mx\/index.php\/wp-json\/wp\/v2\/tags?post=158212"}],"curies":[{"name":"wp","href":"https:\/\/api.w.org\/{rel}","templated":true}]}}