{"id":158210,"date":"2024-08-26T12:02:14","date_gmt":"2024-08-26T18:02:14","guid":{"rendered":"https:\/\/nvnoticias.mx\/?p=158210"},"modified":"2024-08-26T12:02:16","modified_gmt":"2024-08-26T18:02:16","slug":"inicia-discusion-de-la-reforma-judicial-en-comisiones-de-san-lazaro","status":"publish","type":"post","link":"https:\/\/nvnoticias.mx\/index.php\/2024\/08\/26\/inicia-discusion-de-la-reforma-judicial-en-comisiones-de-san-lazaro\/","title":{"rendered":"Inicia discusi\u00f3n de la reforma judicial en comisiones de San L\u00e1zaro"},"content":{"rendered":"\n<p>En punto de las 11:30 horas de este lunes 26 de agosto inici\u00f3 la dictaminaci\u00f3n de la\u00a0<strong>reforma al Poder Judicial,<\/strong>\u00a0propuesta por el presidente<strong>\u00a0Andr\u00e9s Manuel L\u00f3pez Obrador\u00a0<\/strong>el pasado 5 de febrero.<\/p>\n\n\n\n<p>La sesi\u00f3n semipresencial, que se realiza al interior de la C\u00e1mara de Diputados por parte de las y los integrantes de la Comisi\u00f3n de Puntos Constitucionales, comenz\u00f3 con un qu\u00f3rum de 17 legisladoras y legisladores presentes v\u00eda virtual, y 16 presencial, para hacer un total de 33.<\/p>\n\n\n\n<p>La propuesta, que ha generado inconformidad por parte de trabajadores del Poder Judicial, quienes se mantienen en paro indefinido de labores desde el pasado 19 de agosto, plantea modificar el art\u00edculo 95 constitucional para elegir a jueces, magistrados y ministros por voto popular por un periodo de 12 a\u00f1os y no de 15 como es actualmente.<\/p>\n\n\n\n<p>Establece que se realizar\u00e1n dos elecciones para elegir a la totalidad de ministros, magistrados y jueces; una el primer domingo de junio de 2025, en la que se elegir\u00e1n aproximadamente 800 cargos, y la otra en 2027.<\/p>\n\n\n\n<p>Para ministros de la Suprema Corte de Justicia de la Naci\u00f3n (<strong>SCJN<\/strong>), quienes sean electos permanecer\u00e1n en el cargo por un periodo de ocho, 11 y 14 a\u00f1os, dependiendo de los resultados de la votaci\u00f3n. Tambi\u00e9n se prev\u00e9 reducir de 11 a nueve los ministros del m\u00e1ximo tribunal.<\/p>\n\n\n\n<p>El proyecto de dictamen se\u00f1ala que la ley prev\u00e9 la extinci\u00f3n de la sala regional especializada del Tribunal Electoral del Poder Judicial de la Federaci\u00f3n (<strong>TEPJF<\/strong>) a m\u00e1s tardar el 1 de septiembre de 2025, por lo que sus magistraturas no se renovar\u00e1n en la elecci\u00f3n extraordinaria.<\/p>\n\n\n\n<p>En tanto, que las dos Salas que tiene actualmente la SCJN ser\u00edan eliminadas y solo se realizar\u00edan sesiones en el pleno que deber\u00e1n ser p\u00fablicas y transparentes.<\/p>\n\n\n\n<p>Fuente: <a href=\"https:\/\/www.eluniversal.com.mx\/nacion\/inicia-discusion-de-la-reforma-judicial-en-comisiones-de-san-lazaro\/\" data-type=\"link\" data-id=\"https:\/\/www.eluniversal.com.mx\/nacion\/inicia-discusion-de-la-reforma-judicial-en-comisiones-de-san-lazaro\/\">El Universal<\/a><\/p>\n","protected":false},"excerpt":{"rendered":"<p>En punto de las 11:30 horas de este lunes 26 de agosto inici\u00f3 la dictaminaci\u00f3n de la\u00a0reforma al Poder Judicial,\u00a0propuesta por el presidente\u00a0Andr\u00e9s Manuel L\u00f3pez Obrador\u00a0el pasado 5 de febrero. La sesi\u00f3n semipresencial, que se realiza al interior de la C\u00e1mara de Diputados por parte de las y los integrantes de la Comisi\u00f3n de Puntos [&hellip;]<\/p>\n","protected":false},"author":35,"featured_media":117453,"comment_status":"open","ping_status":"open","sticky":false,"template":"","format":"standard","meta":{"_monsterinsights_skip_tracking":false,"_monsterinsights_sitenote_active":false,"_monsterinsights_sitenote_note":"","_monsterinsights_sitenote_category":0,"footnotes":""},"categories":[158],"tags":[9065,2321,30269],"class_list":["post-158210","post","type-post","status-publish","format-standard","has-post-thumbnail","hentry","category-politica","tag-inicia","tag-poder-judicial","tag-reforma-judicial","wp-image-borders"],"amp_enabled":true,"_links":{"self":[{"href":"https:\/\/nvnoticias.mx\/index.php\/wp-json\/wp\/v2\/posts\/158210","targetHints":{"allow":["GET"]}}],"collection":[{"href":"https:\/\/nvnoticias.mx\/index.php\/wp-json\/wp\/v2\/posts"}],"about":[{"href":"https:\/\/nvnoticias.mx\/index.php\/wp-json\/wp\/v2\/types\/post"}],"author":[{"embeddable":true,"href":"https:\/\/nvnoticias.mx\/index.php\/wp-json\/wp\/v2\/users\/35"}],"replies":[{"embeddable":true,"href":"https:\/\/nvnoticias.mx\/index.php\/wp-json\/wp\/v2\/comments?post=158210"}],"version-history":[{"count":1,"href":"https:\/\/nvnoticias.mx\/index.php\/wp-json\/wp\/v2\/posts\/158210\/revisions"}],"predecessor-version":[{"id":158211,"href":"https:\/\/nvnoticias.mx\/index.php\/wp-json\/wp\/v2\/posts\/158210\/revisions\/158211"}],"wp:featuredmedia":[{"embeddable":true,"href":"https:\/\/nvnoticias.mx\/index.php\/wp-json\/wp\/v2\/media\/117453"}],"wp:attachment":[{"href":"https:\/\/nvnoticias.mx\/index.php\/wp-json\/wp\/v2\/media?parent=158210"}],"wp:term":[{"taxonomy":"category","embeddable":true,"href":"https:\/\/nvnoticias.mx\/index.php\/wp-json\/wp\/v2\/categories?post=158210"},{"taxonomy":"post_tag","embeddable":true,"href":"https:\/\/nvnoticias.mx\/index.php\/wp-json\/wp\/v2\/tags?post=158210"}],"curies":[{"name":"wp","href":"https:\/\/api.w.org\/{rel}","templated":true}]}}