{"id":158208,"date":"2024-08-26T11:54:03","date_gmt":"2024-08-26T17:54:03","guid":{"rendered":"https:\/\/nvnoticias.mx\/?p=158208"},"modified":"2024-08-26T11:54:04","modified_gmt":"2024-08-26T17:54:04","slug":"piden-venezolanos-la-libertad-de-los-presos-politicos-detenidos-tras-las-elecciones","status":"publish","type":"post","link":"https:\/\/nvnoticias.mx\/index.php\/2024\/08\/26\/piden-venezolanos-la-libertad-de-los-presos-politicos-detenidos-tras-las-elecciones\/","title":{"rendered":"Piden venezolanos la libertad de los &#8220;presos pol\u00edticos&#8221; detenidos tras las elecciones"},"content":{"rendered":"\n<p>Cientos de venezolanos se manifestaron\u00a0en Caracas por la liberaci\u00f3n de los considerados presos pol\u00edticos, as\u00ed como para rechazar la &#8220;represi\u00f3n&#8221; que, denunciaron,\u00a0 se desat\u00f3 a ra\u00edz de las protestas contra el resultado oficial de las presidenciales del 28 de julio, que otorg\u00f3 el triunfo al mandatario Nicol\u00e1s Maduro, lo que ha sido cuestionado dentro y fuera del pa\u00eds.<br><\/p>\n\n\n\n<p>&#8216;Libertad y paz&#8217; se le\u00eda en el centro de la plaza caraque\u00f1a donde se concentraron los manifestantes, quienes se ubicaron alrededor de ambas palabras construidas con velas, todas encendidas, en una actividad convocada por la principal coalici\u00f3n opositora, la Plataforma Unitaria Democr\u00e1tica (PUD), que acusa al gobierno de una &#8220;persecuci\u00f3n&#8221; contra quienes denuncian que hubo fraude electoral.<\/p>\n\n\n\n<p>Durante la manifestaci\u00f3n, el coordinador legal de la&nbsp;ONG Provea, Marino Alvarado, indic\u00f3 que hay &#8220;dos mil 500 presos pol\u00edticos&#8221;, la gran mayor\u00eda detenidos desde el 29 de julio, y se\u00f1al\u00f3 que:<\/p>\n\n\n\n<p>&#8220;absolutamente todos se les est\u00e1 aplicando la ley antiterrorismo&#8221; que contempla penas de hasta 30 a\u00f1os de c\u00e1rcel, la m\u00e1xima del pa\u00eds.<br>Tras la proclamaci\u00f3n de Maduro como presidente reelecto por parte del Consejo Nacional Electoral (CNE), hubo m\u00faltiples protestas en el pa\u00eds, en rechazo a este resultado, toda vez que la PUD insiste en la &#8220;victoria&#8221; de su abanderado, Edmundo Gonz\u00e1lez Urrutia, y denuncia, adem\u00e1s, una &#8220;escalada cruel y represiva&#8221; tras las elecciones.<\/p>\n\n\n\n<p>La activista de derechos humanos Leida Brito dijo a EFE, durante la manifestaci\u00f3n, que el pueblo &#8220;se cans\u00f3&#8221; tras haber &#8220;vivido 25 a\u00f1os de trato cruel, de detenciones y de guardar silencio&#8221;, en alusi\u00f3n al tiempo que lleva el chavismo en el poder.<\/p>\n\n\n\n<p>En este sentido, conden\u00f3 que el gobierno &#8220;quiera quitar&#8221; a los venezolanos &#8220;el derecho de un cambio pol\u00edtico&#8221; en el pa\u00eds, que, expres\u00f3, &#8220;no est\u00e1 preparado para seis a\u00f1os m\u00e1s&#8221; de&nbsp;Maduro, cuya victoria a\u00fan no cuenta con el respaldo de los resultados desglosados, pues el CNE no ha publicado estos datos, lo que viola la normativa legal.<\/p>\n\n\n\n<p>Por su parte, Sairam Rivas, activista del Comit\u00e9 de Familiares de Presos Pol\u00edticos, explic\u00f3 a EFE que el objetivo de la actividad es &#8220;demostrar que la lucha es por la libertad y por la paz&#8221; de Venezuela, donde, denunci\u00f3, hay &#8220;una situaci\u00f3n de terror y de persecuci\u00f3n&#8221; contra &#8220;la oposici\u00f3n&#8221;.<\/p>\n\n\n\n<p>&#8220;En las \u00faltimas semanas, hemos vivido el mayor terrorismo de Estado, que ya lo hemos calificado de esa manera&#8221;, agreg\u00f3.<br>Las protestas poselectorales, algunas devenidas en hechos de violencia, y la posterior acci\u00f3n policial y militar se ha saldado con 24 civiles muertos, seg\u00fan la ONG Provea, a los que se suman dos militares fallecidos, de acuerdo con los reportes de las autoridades.\u00a0<br><\/p>\n\n\n\n<p>Fuente: <a href=\"https:\/\/www.milenio.com\/internacional\/venezolanos-piden-la-libertad-de-los-presos-politicos\" data-type=\"link\" data-id=\"https:\/\/www.milenio.com\/internacional\/venezolanos-piden-la-libertad-de-los-presos-politicos\">Milenio<\/a><\/p>\n\n\n\n<p><\/p>\n","protected":false},"excerpt":{"rendered":"<p>Cientos de venezolanos se manifestaron\u00a0en Caracas por la liberaci\u00f3n de los considerados presos pol\u00edticos, as\u00ed como para rechazar la &#8220;represi\u00f3n&#8221; que, denunciaron,\u00a0 se desat\u00f3 a ra\u00edz de las protestas contra el resultado oficial de las presidenciales del 28 de julio, que otorg\u00f3 el triunfo al mandatario Nicol\u00e1s Maduro, lo que ha sido cuestionado dentro y [&hellip;]<\/p>\n","protected":false},"author":35,"featured_media":156573,"comment_status":"open","ping_status":"open","sticky":false,"template":"","format":"standard","meta":{"_monsterinsights_skip_tracking":false,"_monsterinsights_sitenote_active":false,"_monsterinsights_sitenote_note":"","_monsterinsights_sitenote_category":0,"footnotes":""},"categories":[181],"tags":[9131,3221,20167],"class_list":["post-158208","post","type-post","status-publish","format-standard","has-post-thumbnail","hentry","category-internacional","tag-piden","tag-presos-politicos","tag-venezolanos","wp-image-borders"],"amp_enabled":true,"_links":{"self":[{"href":"https:\/\/nvnoticias.mx\/index.php\/wp-json\/wp\/v2\/posts\/158208","targetHints":{"allow":["GET"]}}],"collection":[{"href":"https:\/\/nvnoticias.mx\/index.php\/wp-json\/wp\/v2\/posts"}],"about":[{"href":"https:\/\/nvnoticias.mx\/index.php\/wp-json\/wp\/v2\/types\/post"}],"author":[{"embeddable":true,"href":"https:\/\/nvnoticias.mx\/index.php\/wp-json\/wp\/v2\/users\/35"}],"replies":[{"embeddable":true,"href":"https:\/\/nvnoticias.mx\/index.php\/wp-json\/wp\/v2\/comments?post=158208"}],"version-history":[{"count":1,"href":"https:\/\/nvnoticias.mx\/index.php\/wp-json\/wp\/v2\/posts\/158208\/revisions"}],"predecessor-version":[{"id":158209,"href":"https:\/\/nvnoticias.mx\/index.php\/wp-json\/wp\/v2\/posts\/158208\/revisions\/158209"}],"wp:featuredmedia":[{"embeddable":true,"href":"https:\/\/nvnoticias.mx\/index.php\/wp-json\/wp\/v2\/media\/156573"}],"wp:attachment":[{"href":"https:\/\/nvnoticias.mx\/index.php\/wp-json\/wp\/v2\/media?parent=158208"}],"wp:term":[{"taxonomy":"category","embeddable":true,"href":"https:\/\/nvnoticias.mx\/index.php\/wp-json\/wp\/v2\/categories?post=158208"},{"taxonomy":"post_tag","embeddable":true,"href":"https:\/\/nvnoticias.mx\/index.php\/wp-json\/wp\/v2\/tags?post=158208"}],"curies":[{"name":"wp","href":"https:\/\/api.w.org\/{rel}","templated":true}]}}