{"id":158202,"date":"2024-08-26T11:38:25","date_gmt":"2024-08-26T17:38:25","guid":{"rendered":"https:\/\/nvnoticias.mx\/?p=158202"},"modified":"2024-08-26T17:03:43","modified_gmt":"2024-08-26T23:03:43","slug":"sera-victor-rodriguez-padilla-el-nuevo-director-de-pemex-durante-gobierno-de-claudia-sheinbaum","status":"publish","type":"post","link":"https:\/\/nvnoticias.mx\/index.php\/2024\/08\/26\/sera-victor-rodriguez-padilla-el-nuevo-director-de-pemex-durante-gobierno-de-claudia-sheinbaum\/","title":{"rendered":"Ser\u00e1 V\u00edctor Rodr\u00edguez Padilla el nuevo director de Pemex durante gobierno de Claudia Sheinbaum"},"content":{"rendered":"\n<p>V\u00edctor Rodr\u00edguez Padilla ser\u00e1 el pr\u00f3ximo titular de Petr\u00f3leos Mexicanos (Pemex) durante el gobierno de Claudia Sheinbaum, seg\u00fan confirm\u00f3 ella desde su casa de transici\u00f3n.<br><\/p>\n\n\n\n<p>El tambi\u00e9n profesor de la Universidad Nacional Aut\u00f3noma de M\u00e9xico (UNAM) es especialista en Econom\u00eda y pol\u00edticas de energ\u00eda, seg\u00fan la Facultad de Ingenier\u00eda<\/p>\n\n\n\n<p>Es f\u00edsico y cuenta con un doctorado en Econom\u00eda de la Energ\u00eda y Estratega en Pol\u00edtica Energ\u00e9tica, egresado de la m\u00e1xima casa de estudios, igual que la Presidenta electa.<\/p>\n\n\n\n<p>Fuente:<a href=\"https:\/\/www.milenio.com\/politica\/victor-rodriguez-padilla-nuevo-director-de-pemex-gobierno-sheinbaum\" data-type=\"link\" data-id=\"https:\/\/www.milenio.com\/politica\/victor-rodriguez-padilla-nuevo-director-de-pemex-gobierno-sheinbaum\"> Milenio<\/a><\/p>\n","protected":false},"excerpt":{"rendered":"<p>V\u00edctor Rodr\u00edguez Padilla ser\u00e1 el pr\u00f3ximo titular de Petr\u00f3leos Mexicanos (Pemex) durante el gobierno de Claudia Sheinbaum, seg\u00fan confirm\u00f3 ella desde su casa de transici\u00f3n. El tambi\u00e9n profesor de la Universidad Nacional Aut\u00f3noma de M\u00e9xico (UNAM) es especialista en Econom\u00eda y pol\u00edticas de energ\u00eda, seg\u00fan la Facultad de Ingenier\u00eda Es f\u00edsico y cuenta con un [&hellip;]<\/p>\n","protected":false},"author":35,"featured_media":40467,"comment_status":"open","ping_status":"open","sticky":false,"template":"","format":"standard","meta":{"_monsterinsights_skip_tracking":false,"_monsterinsights_sitenote_active":false,"_monsterinsights_sitenote_note":"","_monsterinsights_sitenote_category":0,"footnotes":""},"categories":[158],"tags":[2801,619,162],"class_list":["post-158202","post","type-post","status-publish","format-standard","has-post-thumbnail","hentry","category-politica","tag-claudia-sheinbaum","tag-pemex","tag-portada","wp-image-borders"],"amp_enabled":true,"_links":{"self":[{"href":"https:\/\/nvnoticias.mx\/index.php\/wp-json\/wp\/v2\/posts\/158202","targetHints":{"allow":["GET"]}}],"collection":[{"href":"https:\/\/nvnoticias.mx\/index.php\/wp-json\/wp\/v2\/posts"}],"about":[{"href":"https:\/\/nvnoticias.mx\/index.php\/wp-json\/wp\/v2\/types\/post"}],"author":[{"embeddable":true,"href":"https:\/\/nvnoticias.mx\/index.php\/wp-json\/wp\/v2\/users\/35"}],"replies":[{"embeddable":true,"href":"https:\/\/nvnoticias.mx\/index.php\/wp-json\/wp\/v2\/comments?post=158202"}],"version-history":[{"count":1,"href":"https:\/\/nvnoticias.mx\/index.php\/wp-json\/wp\/v2\/posts\/158202\/revisions"}],"predecessor-version":[{"id":158203,"href":"https:\/\/nvnoticias.mx\/index.php\/wp-json\/wp\/v2\/posts\/158202\/revisions\/158203"}],"wp:featuredmedia":[{"embeddable":true,"href":"https:\/\/nvnoticias.mx\/index.php\/wp-json\/wp\/v2\/media\/40467"}],"wp:attachment":[{"href":"https:\/\/nvnoticias.mx\/index.php\/wp-json\/wp\/v2\/media?parent=158202"}],"wp:term":[{"taxonomy":"category","embeddable":true,"href":"https:\/\/nvnoticias.mx\/index.php\/wp-json\/wp\/v2\/categories?post=158202"},{"taxonomy":"post_tag","embeddable":true,"href":"https:\/\/nvnoticias.mx\/index.php\/wp-json\/wp\/v2\/tags?post=158202"}],"curies":[{"name":"wp","href":"https:\/\/api.w.org\/{rel}","templated":true}]}}