{"id":158192,"date":"2024-08-26T10:47:02","date_gmt":"2024-08-26T16:47:02","guid":{"rendered":"https:\/\/nvnoticias.mx\/?p=158192"},"modified":"2024-08-26T10:47:03","modified_gmt":"2024-08-26T16:47:03","slug":"tilda-amlo-de-truculenta-la-declaracion-de-tomas-zeron-contra-pena-nieto-en-el-caso-de-ayotzinapa","status":"publish","type":"post","link":"https:\/\/nvnoticias.mx\/index.php\/2024\/08\/26\/tilda-amlo-de-truculenta-la-declaracion-de-tomas-zeron-contra-pena-nieto-en-el-caso-de-ayotzinapa\/","title":{"rendered":"Tilda AMLO de \u201ctruculenta\u201d la declaraci\u00f3n de Tom\u00e1s Zer\u00f3n contra Pe\u00f1a Nieto en el caso de Ayotzinapa"},"content":{"rendered":"\n<p>Luego de darse a conocer la postura de\u00a0<strong>Tom\u00e1s Zer\u00f3n<\/strong>\u00a0respecto a lo ocurrido en 2014 con los 43 estudiantes de\u00a0<strong>Ayotzinapa<\/strong>, en donde asegur\u00f3 que la denominada<em>\u00a0Verdad Hist\u00f3rica\u00a0<\/em>fue armada por el expresidente de M\u00e9xico\u00a0<strong>Enrique Pe\u00f1a Nieto<\/strong>, el actual mandatario Andr\u00e9s Manuel L\u00f3pez Obrador (<strong>AMLO<\/strong>) calific\u00f3 dichas declaraciones de\u00a0<strong>\u201ctruculentas\u201d.<\/strong><\/p>\n\n\n\n<p>Delante de la prensa que se da cita en el&nbsp;<strong>Sal\u00f3n de la Tesorer\u00eda&nbsp;<\/strong>de Palacio Nacional, el mandatario federal reiter\u00f3, de nueva cuenta, su llamado a Tom\u00e1s Zer\u00f3n a&nbsp;<strong>entregarse ante las autoridades&nbsp;<\/strong>al remarcar que \u201cel que nada debe nada teme\u201d, al tiempo que record\u00f3 que en dos ocasiones ha recurrido al&nbsp;<a rel=\"noreferrer noopener\" href=\"https:\/\/www.infobae.com\/mexico\/2024\/04\/05\/mexico-insiste-a-israel-en-la-extradicion-de-tomas-zeron-por-el-caso-ayotzinapa-afirma-luisa-maria-alcalde\/\" target=\"_blank\"><strong>Gobierno de Israel&nbsp;<\/strong><\/a>para pedirle ayuda para su extradici\u00f3n pues no concibe que se de protecci\u00f3n a alguien con se\u00f1alamientos de tortura y violaci\u00f3n a los derechos humanos.<\/p>\n\n\n\n<blockquote class=\"wp-block-quote is-layout-flow wp-block-quote-is-layout-flow\">\n<p>\u201cNo conoc\u00eda esa informaci\u00f3n pero ayudar\u00eda mucho que viniera a declarar y a asumir su responsabilidad porque tiene acusaciones de que \u00e9l fue el que llevo a cabo actos de tortura, o \u00e9l los coordin\u00f3 a los torturadores para que declararan lo que le convenia al gobierno en ese entonces. Si el recibo instrucciones, como se indica en la declaraci\u00f3n, que se enfrente a la autoridad, el que nada debe nada teme, para qu\u00e9 se va a Israel a protegerse\u201d, dijo.<\/p>\n<\/blockquote>\n\n\n\n<p>Conviene recordar que Tom\u00e1s Zer\u00f3n de Lucio ocup\u00f3 el cargo de jefe de la Agencia de Investigaci\u00f3n Criminal (<strong>AIC<\/strong>) durante el gobierno de\u00a0<strong>Enrique Pe\u00f1a Nieto\u00a0<\/strong>durante el periodo 2012-2018. Por ello es que se sabe, estuvo a cargo de la investigaci\u00f3n de la<strong>desaparici\u00f3n forzada<\/strong>de 43 estudiantes de la Escuela Normal Rural de Ayotzinapa en Iguala, Guerrero, ocurrida el 26 de septiembre de 2014.<\/p>\n\n\n\n<p>Fuente: <a href=\"https:\/\/www.infobae.com\/mexico\/2024\/08\/26\/lopez-obrador-tilda-de-truculenta-la-declaracion-de-tomas-zeron-contra-pena-nieto-en-el-caso-de-ayotzinapa\/\" data-type=\"link\" data-id=\"https:\/\/www.infobae.com\/mexico\/2024\/08\/26\/lopez-obrador-tilda-de-truculenta-la-declaracion-de-tomas-zeron-contra-pena-nieto-en-el-caso-de-ayotzinapa\/\">Infobae<\/a><\/p>\n","protected":false},"excerpt":{"rendered":"<p>Luego de darse a conocer la postura de\u00a0Tom\u00e1s Zer\u00f3n\u00a0respecto a lo ocurrido en 2014 con los 43 estudiantes de\u00a0Ayotzinapa, en donde asegur\u00f3 que la denominada\u00a0Verdad Hist\u00f3rica\u00a0fue armada por el expresidente de M\u00e9xico\u00a0Enrique Pe\u00f1a Nieto, el actual mandatario Andr\u00e9s Manuel L\u00f3pez Obrador (AMLO) calific\u00f3 dichas declaraciones de\u00a0\u201ctruculentas\u201d. Delante de la prensa que se da cita en [&hellip;]<\/p>\n","protected":false},"author":35,"featured_media":75933,"comment_status":"open","ping_status":"open","sticky":false,"template":"","format":"standard","meta":{"_monsterinsights_skip_tracking":false,"_monsterinsights_sitenote_active":false,"_monsterinsights_sitenote_note":"","_monsterinsights_sitenote_category":0,"footnotes":""},"categories":[158],"tags":[850,2796,162,389],"class_list":["post-158192","post","type-post","status-publish","format-standard","has-post-thumbnail","hentry","category-politica","tag-ayotzinapa","tag-enrique-pena-nieto","tag-portada","tag-tomas-zeron","wp-image-borders"],"amp_enabled":true,"_links":{"self":[{"href":"https:\/\/nvnoticias.mx\/index.php\/wp-json\/wp\/v2\/posts\/158192","targetHints":{"allow":["GET"]}}],"collection":[{"href":"https:\/\/nvnoticias.mx\/index.php\/wp-json\/wp\/v2\/posts"}],"about":[{"href":"https:\/\/nvnoticias.mx\/index.php\/wp-json\/wp\/v2\/types\/post"}],"author":[{"embeddable":true,"href":"https:\/\/nvnoticias.mx\/index.php\/wp-json\/wp\/v2\/users\/35"}],"replies":[{"embeddable":true,"href":"https:\/\/nvnoticias.mx\/index.php\/wp-json\/wp\/v2\/comments?post=158192"}],"version-history":[{"count":1,"href":"https:\/\/nvnoticias.mx\/index.php\/wp-json\/wp\/v2\/posts\/158192\/revisions"}],"predecessor-version":[{"id":158193,"href":"https:\/\/nvnoticias.mx\/index.php\/wp-json\/wp\/v2\/posts\/158192\/revisions\/158193"}],"wp:featuredmedia":[{"embeddable":true,"href":"https:\/\/nvnoticias.mx\/index.php\/wp-json\/wp\/v2\/media\/75933"}],"wp:attachment":[{"href":"https:\/\/nvnoticias.mx\/index.php\/wp-json\/wp\/v2\/media?parent=158192"}],"wp:term":[{"taxonomy":"category","embeddable":true,"href":"https:\/\/nvnoticias.mx\/index.php\/wp-json\/wp\/v2\/categories?post=158192"},{"taxonomy":"post_tag","embeddable":true,"href":"https:\/\/nvnoticias.mx\/index.php\/wp-json\/wp\/v2\/tags?post=158192"}],"curies":[{"name":"wp","href":"https:\/\/api.w.org\/{rel}","templated":true}]}}