{"id":15817,"date":"2021-06-09T20:32:20","date_gmt":"2021-06-10T01:32:20","guid":{"rendered":"https:\/\/nvnoticias.mx\/?p=15817"},"modified":"2021-06-09T20:32:22","modified_gmt":"2021-06-10T01:32:22","slug":"suspendera-ssa-conferencias-vespertinas-de-covid-19-en-mexico","status":"publish","type":"post","link":"https:\/\/nvnoticias.mx\/index.php\/2021\/06\/09\/suspendera-ssa-conferencias-vespertinas-de-covid-19-en-mexico\/","title":{"rendered":"Suspender\u00e1 SSa conferencias vespertinas de Covid-19 en M\u00e9xico"},"content":{"rendered":"\n<p>El subsecretario de Prevenci\u00f3n y Promoci\u00f3n de la Salud, Hugo L\u00f3pez-Gatell, inform\u00f3 sobre la cancelaci\u00f3n de las conferencias de prensa sobre la situaci\u00f3n de covid-19 a partir de este fin de semana, pues el viernes 11 de junio ser\u00e1 la \u00faltima edici\u00f3n.<\/p>\n\n\n\n<p>Luego de 15 meses de conferencias diarias, L\u00f3pez-Gatell detall\u00f3 que desde la primera conferencia se inform\u00f3 a la poblaci\u00f3n sobre la pandemia, estrategias de preparaci\u00f3n y respuestas, reconversi\u00f3n hospitalaria, impacto del\u00a0SARS-CoV-2, entre otros rubros. <\/p>\n\n\n\n<blockquote class=\"wp-block-quote is-layout-flow wp-block-quote-is-layout-flow\"><p><em>\u201cEstaremos transitando a un esquema diferente de comunicaci\u00f3n dado que el acontecer epid\u00e9mico ha tenido ya una respuesta muy positiva de reducci\u00f3n, insisto, cinco meses consecutivos. Se encuentra en este momento estables 19 entidades federativas y est\u00e1n en condici\u00f3n de riesgo m\u00ednimo con sem\u00e1foro verde, y el resto est\u00e1 con sem\u00e1foro amarillo y cuatro entidades como lo hemos comentado en sem\u00e1foro naranja\u201d.<\/em><\/p><\/blockquote>\n\n\n\n<p>En general, ven una estabilidad importante de la pandemia y existe un avance muy sustancial en el Plan Nacional de Vacunaci\u00f3n contra el covid as\u00ed como indicadores de una amplia inmunidad poblacional que estar\u00e1 pr\u00f3xima a ser conocida y actualizada con los esfuerzos de la Encuesta Nacional de Salud y Nutrici\u00f3n 2021, pr\u00f3xima a arrancar, detall\u00f3 L\u00f3pez-Gatell.<\/p>\n\n\n\n<p>El jueves y el viernes se har\u00e1 una recapitulaci\u00f3n de la epidemia, lo que ha ocurrido en los distintos segmentos de vigilancia epidemiol\u00f3gica, en los laboratorios de prevenci\u00f3n y promoci\u00f3n de la salud, reconversi\u00f3n hospitalaria, la Jornada Nacional de Sana Distancia y despu\u00e9s el proceso de la nueva normalidad, el sem\u00e1foro epidemiol\u00f3gico y lo que ha significado y se dar\u00e1 a conocer lo m\u00e1s reciente.<\/p>\n\n\n\n<p>Se tendr\u00e1 canales abiertos utilizando otros mecanismos, como c\u00e1psulas informativas peri\u00f3dicas, conferencias de prensa y entrevistas, pero ya en una periodicidad diferente, seg\u00fan se requiera.\u00a0 <\/p>\n\n\n\n<p>Fuente: <a href=\"https:\/\/www.milenio.com\/politica\/lopez-gatell-anuncia-el-fin-de-conferencias-vespertinas-sobre-covid-19\">Milenio<\/a><\/p>\n","protected":false},"excerpt":{"rendered":"<p>El subsecretario de Prevenci\u00f3n y Promoci\u00f3n de la Salud, Hugo L\u00f3pez-Gatell, inform\u00f3 sobre la cancelaci\u00f3n de las conferencias de prensa sobre la situaci\u00f3n de covid-19 a partir de este fin de semana, pues el viernes 11 de junio ser\u00e1 la \u00faltima edici\u00f3n. Luego de 15 meses de conferencias diarias, L\u00f3pez-Gatell detall\u00f3 que desde la primera [&hellip;]<\/p>\n","protected":false},"author":7,"featured_media":15818,"comment_status":"open","ping_status":"open","sticky":false,"template":"","format":"standard","meta":{"_monsterinsights_skip_tracking":false,"_monsterinsights_sitenote_active":false,"_monsterinsights_sitenote_note":"","_monsterinsights_sitenote_category":0,"footnotes":""},"categories":[157],"tags":[4330,175,1010,162],"class_list":["post-15817","post","type-post","status-publish","format-standard","has-post-thumbnail","hentry","category-nacional","tag-conferencias-vespertinas","tag-covid-19","tag-hugo-lopez-gatell","tag-portada","wp-image-borders"],"amp_enabled":true,"_links":{"self":[{"href":"https:\/\/nvnoticias.mx\/index.php\/wp-json\/wp\/v2\/posts\/15817","targetHints":{"allow":["GET"]}}],"collection":[{"href":"https:\/\/nvnoticias.mx\/index.php\/wp-json\/wp\/v2\/posts"}],"about":[{"href":"https:\/\/nvnoticias.mx\/index.php\/wp-json\/wp\/v2\/types\/post"}],"author":[{"embeddable":true,"href":"https:\/\/nvnoticias.mx\/index.php\/wp-json\/wp\/v2\/users\/7"}],"replies":[{"embeddable":true,"href":"https:\/\/nvnoticias.mx\/index.php\/wp-json\/wp\/v2\/comments?post=15817"}],"version-history":[{"count":1,"href":"https:\/\/nvnoticias.mx\/index.php\/wp-json\/wp\/v2\/posts\/15817\/revisions"}],"predecessor-version":[{"id":15819,"href":"https:\/\/nvnoticias.mx\/index.php\/wp-json\/wp\/v2\/posts\/15817\/revisions\/15819"}],"wp:featuredmedia":[{"embeddable":true,"href":"https:\/\/nvnoticias.mx\/index.php\/wp-json\/wp\/v2\/media\/15818"}],"wp:attachment":[{"href":"https:\/\/nvnoticias.mx\/index.php\/wp-json\/wp\/v2\/media?parent=15817"}],"wp:term":[{"taxonomy":"category","embeddable":true,"href":"https:\/\/nvnoticias.mx\/index.php\/wp-json\/wp\/v2\/categories?post=15817"},{"taxonomy":"post_tag","embeddable":true,"href":"https:\/\/nvnoticias.mx\/index.php\/wp-json\/wp\/v2\/tags?post=15817"}],"curies":[{"name":"wp","href":"https:\/\/api.w.org\/{rel}","templated":true}]}}