{"id":158123,"date":"2024-08-25T10:19:13","date_gmt":"2024-08-25T16:19:13","guid":{"rendered":"https:\/\/nvnoticias.mx\/?p=158123"},"modified":"2024-08-25T10:19:14","modified_gmt":"2024-08-25T16:19:14","slug":"confrontan-a-ministra-loretta-ortiz-ahlf-en-foro-de-reforma-judicial","status":"publish","type":"post","link":"https:\/\/nvnoticias.mx\/index.php\/2024\/08\/25\/confrontan-a-ministra-loretta-ortiz-ahlf-en-foro-de-reforma-judicial\/","title":{"rendered":"Confrontan a ministra Loretta Ortiz Ahlf en foro de reforma judicial"},"content":{"rendered":"\n<p class=\"sc__font-paragraph\">La ministra de la Suprema Corte de Justicia de la Naci\u00f3n (SCJN)&nbsp;<strong>Loretta Ortiz Ahlf<\/strong>&nbsp;fue interpelada por una abogada cuando expon\u00eda sobre los beneficios de la reforma al Poder Judicial. &#8220;Sus intereses son hacia Morena, deje de mentir&#8221;, le reclam\u00f3.<\/p>\n\n\n\n<p class=\"sc__font-paragraph\">Fue durante el&nbsp;<strong>Foro Reforma al Poder Judicial&nbsp;<\/strong>celebrado en&nbsp;<strong>M\u00e9rida,&nbsp;<\/strong>Yucat\u00e1n, mientras que la ministra hablaba sobre la justicia en M\u00e9xico, como personas inocentes purgan una pena en las c\u00e1rceles y los responsables est\u00e1n libres.<\/p>\n\n\n\n<p class=\"sc__font-paragraph\">&#8220;La justicia demora, tard\u00eda no es justicia&#8221;, dec\u00eda&nbsp;<strong>Ortiz Ahlf,<\/strong>&nbsp;cuando&nbsp;<strong>Mildred Berr\u00f3n&nbsp;<\/strong>desde su lugar comenz\u00f3 a reclamarle a la ministra.<\/p>\n\n\n\n<p class=\"sc__font-paragraph\">&#8220;Las Fiscal\u00edas dependen del Poder Ejecutivo, no del que usted representa. Sus intereses son hacia Morena, no hacia la gente. Deje de mentir, es una verdadera pena que estemos aqu\u00ed los ciudadanos y vengan a mentirnos a la cara. Es una pena&#8221;, grit\u00f3 con el micr\u00f3fono en mano.<\/p>\n\n\n\n<p class=\"sc__font-paragraph\">Adem\u00e1s,&nbsp;<strong>Mildred Berr\u00f3n&nbsp;<\/strong>comenz\u00f3 a explicarle, seg\u00fan lo que hab\u00eda escuchado, a los presentes lo que hab\u00eda ocurrido con sus asuntos.<\/p>\n\n\n\n<p class=\"sc__font-paragraph\">&#8220;Se\u00f1or sus asuntos estaban en la Fiscal\u00eda, no en un juzgado de Distrito, no en la Sala de la Suprema Corte. Un asunto de la Fiscal\u00eda no escala a eso&#8221;, dijo.<\/p>\n\n\n\n<p>Y continu\u00f3 \u00bfPor qu\u00e9 nos miente, se\u00f1ora ministra? Yo defiendo al pa\u00eds, defiendo la democracia. Usted por lo visto solo defiende al Presidente, s\u00f3lo viene a elogiarlo, a mentirnos, como lo hace la Cuarta Transformaci\u00f3n&#8221;.<\/p>\n\n\n\n<p>Fuente: <a href=\"https:\/\/www.eluniversal.com.mx\/nacion\/confrontan-a-ministra-loretta-ortiz-ahlf-en-foro-de-reforma-judicial-sus-intereses-son-hacia-morena-deje-de-mentir\/\">El Universal<\/a> <\/p>\n","protected":false},"excerpt":{"rendered":"<p>La ministra de la Suprema Corte de Justicia de la Naci\u00f3n (SCJN)&nbsp;Loretta Ortiz Ahlf&nbsp;fue interpelada por una abogada cuando expon\u00eda sobre los beneficios de la reforma al Poder Judicial. &#8220;Sus intereses son hacia Morena, deje de mentir&#8221;, le reclam\u00f3. Fue durante el&nbsp;Foro Reforma al Poder Judicial&nbsp;celebrado en&nbsp;M\u00e9rida,&nbsp;Yucat\u00e1n, mientras que la ministra hablaba sobre la justicia [&hellip;]<\/p>\n","protected":false},"author":35,"featured_media":102843,"comment_status":"closed","ping_status":"open","sticky":false,"template":"","format":"standard","meta":{"_monsterinsights_skip_tracking":false,"_monsterinsights_sitenote_active":false,"_monsterinsights_sitenote_note":"","_monsterinsights_sitenote_category":0,"footnotes":""},"categories":[158],"tags":[7365],"class_list":["post-158123","post","type-post","status-publish","format-standard","has-post-thumbnail","hentry","category-politica","tag-loretta-ortiz-ahlf","wp-image-borders"],"amp_enabled":true,"_links":{"self":[{"href":"https:\/\/nvnoticias.mx\/index.php\/wp-json\/wp\/v2\/posts\/158123","targetHints":{"allow":["GET"]}}],"collection":[{"href":"https:\/\/nvnoticias.mx\/index.php\/wp-json\/wp\/v2\/posts"}],"about":[{"href":"https:\/\/nvnoticias.mx\/index.php\/wp-json\/wp\/v2\/types\/post"}],"author":[{"embeddable":true,"href":"https:\/\/nvnoticias.mx\/index.php\/wp-json\/wp\/v2\/users\/35"}],"replies":[{"embeddable":true,"href":"https:\/\/nvnoticias.mx\/index.php\/wp-json\/wp\/v2\/comments?post=158123"}],"version-history":[{"count":1,"href":"https:\/\/nvnoticias.mx\/index.php\/wp-json\/wp\/v2\/posts\/158123\/revisions"}],"predecessor-version":[{"id":158124,"href":"https:\/\/nvnoticias.mx\/index.php\/wp-json\/wp\/v2\/posts\/158123\/revisions\/158124"}],"wp:featuredmedia":[{"embeddable":true,"href":"https:\/\/nvnoticias.mx\/index.php\/wp-json\/wp\/v2\/media\/102843"}],"wp:attachment":[{"href":"https:\/\/nvnoticias.mx\/index.php\/wp-json\/wp\/v2\/media?parent=158123"}],"wp:term":[{"taxonomy":"category","embeddable":true,"href":"https:\/\/nvnoticias.mx\/index.php\/wp-json\/wp\/v2\/categories?post=158123"},{"taxonomy":"post_tag","embeddable":true,"href":"https:\/\/nvnoticias.mx\/index.php\/wp-json\/wp\/v2\/tags?post=158123"}],"curies":[{"name":"wp","href":"https:\/\/api.w.org\/{rel}","templated":true}]}}