{"id":158119,"date":"2024-08-25T10:01:15","date_gmt":"2024-08-25T16:01:15","guid":{"rendered":"https:\/\/nvnoticias.mx\/?p=158119"},"modified":"2024-08-25T10:01:16","modified_gmt":"2024-08-25T16:01:16","slug":"pide-norona-a-ken-salazar-no-interferir-en-aprobacion-de-reforma-judicial","status":"publish","type":"post","link":"https:\/\/nvnoticias.mx\/index.php\/2024\/08\/25\/pide-norona-a-ken-salazar-no-interferir-en-aprobacion-de-reforma-judicial\/","title":{"rendered":"Pide Noro\u00f1a a Ken Salazar no interferir en aprobaci\u00f3n de reforma judicial"},"content":{"rendered":"\n<p class=\"sc__font-paragraph\"><strong>Gerardo Fern\u00e1ndez Noro\u00f1a<\/strong>&nbsp;pidi\u00f3 a&nbsp;<strong>Ken Salazar<a href=\"https:\/\/www.eluniversal.com.mx\/nacion\/ken-salazar-tras-critica-a-reforma-judicial-tengo-la-mayor-disposicion-de-dialogar-sobre-eleccion-directa-de-jueces\/\" target=\"_blank\" rel=\"noreferrer noopener\">&nbsp;<\/a><\/strong>no interferir y dejar de \u201chacerle los mandados a&nbsp;<strong>Estados Unidos<\/strong>\u201d luego de que el Embajador advirti\u00f3 que existen riesgos para el funcionamiento de la democracia y la integraci\u00f3n de las econom\u00edas por la elecci\u00f3n popular de jueces.<\/p>\n\n\n\n<p class=\"sc__font-paragraph\">Durante el Foro sobre la&nbsp;<strong>Reforma al&nbsp;Poder Judicial<\/strong>, celebrado esta tarde en<strong>&nbsp;Jiutepec, Morelos,<\/strong>&nbsp;el diputado petista afirm\u00f3 que M\u00e9xico ser\u00e1 el primer pa\u00eds del mundo en elegir a sus jueces por voto popular pese a las alertas que los gobiernos de otros pa\u00edses han emitido al gobierno federal sobre el tema.<\/p>\n\n\n\n<p class=\"sc__font-paragraph\">\u201cVamos a ser el primer pa\u00eds del mundo que elija a todos sus jueces. (&#8230;) Acaba de decir el Embajador de&nbsp;<strong>Estados Unidos en M\u00e9xico<\/strong>, que no, que eso pone en peligro la independencia, que en 48 estados de la Uni\u00f3n Americana se eligen a los jueces, pero son los locales y \u00bfqu\u00e9 chingados?<\/p>\n\n\n\n<p class=\"sc__font-paragraph\">\u201c\u00bfQu\u00e9 se le perdi\u00f3 aqu\u00ed a Ken Salazar? Que \u00e9l en su pa\u00eds diga lo que hagan, en M\u00e9xico manda el pueblo de M\u00e9xico y nadie m\u00e1s. Que se oiga bien y que se oiga lejos, eso de andarle haciendo los mandados al gobierno de Estados Unidos se acab\u00f3, nosotros no tenemos m\u00e1s jefe que el pueblo de M\u00e9xico cueste lo que cueste. Nuestra independencia y nuestra soberan\u00eda no tiene precio. Pueden hacer todas las presiones que quieran, no nos vamos a echar atr\u00e1s\u201d, asegur\u00f3 Fern\u00e1ndez Noro\u00f1a.<\/p>\n\n\n\n<p class=\"sc__font-paragraph\">En el encuentro ciudadano con morelenses advirti\u00f3 que la elecci\u00f3n de jueces por voto popular no tiene marcha atr\u00e1s, tampoco las reformas que&nbsp;<strong>Andr\u00e9s Manuel L\u00f3pez Obrador&nbsp;<\/strong>propuso para antes de cederle la banda presidencial a&nbsp;<strong>Claudia Sheinbaum Pardo.<\/strong><\/p>\n\n\n\n<p class=\"sc__font-paragraph\">En ese contexto celebr\u00f3 que ayer avanz\u00f3 la desaparici\u00f3n de seis \u00f3rganos aut\u00f3nomos que, seg\u00fan su opini\u00f3n, favorecieron a la derecha y empresarios para hacer negocios a costa de los intereses del pueblo, hecho por el que celebr\u00f3 que ahora las funciones de dichos organismos se realizar\u00e1n dentro de las secretar\u00edas del gobierno de la futura Presidenta de M\u00e9xico.<\/p>\n\n\n\n<p>Fuente: <a href=\"https:\/\/www.eluniversal.com.mx\/nacion\/norona-pide-a-ken-salazar-no-interferir-en-aprobacion-de-reforma-judicial-que-se-le-perdio-aqui-dice\/\">El Universal<\/a> <\/p>\n","protected":false},"excerpt":{"rendered":"<p>Gerardo Fern\u00e1ndez Noro\u00f1a&nbsp;pidi\u00f3 a&nbsp;Ken Salazar&nbsp;no interferir y dejar de \u201chacerle los mandados a&nbsp;Estados Unidos\u201d luego de que el Embajador advirti\u00f3 que existen riesgos para el funcionamiento de la democracia y la integraci\u00f3n de las econom\u00edas por la elecci\u00f3n popular de jueces. Durante el Foro sobre la&nbsp;Reforma al&nbsp;Poder Judicial, celebrado esta tarde en&nbsp;Jiutepec, Morelos,&nbsp;el diputado petista [&hellip;]<\/p>\n","protected":false},"author":35,"featured_media":154349,"comment_status":"closed","ping_status":"open","sticky":false,"template":"","format":"standard","meta":{"_monsterinsights_skip_tracking":false,"_monsterinsights_sitenote_active":false,"_monsterinsights_sitenote_note":"","_monsterinsights_sitenote_category":0,"footnotes":""},"categories":[158],"tags":[8970,5523,162],"class_list":["post-158119","post","type-post","status-publish","format-standard","has-post-thumbnail","hentry","category-politica","tag-gerardo-fernandez-norona","tag-ken-salazar","tag-portada","wp-image-borders"],"amp_enabled":true,"_links":{"self":[{"href":"https:\/\/nvnoticias.mx\/index.php\/wp-json\/wp\/v2\/posts\/158119","targetHints":{"allow":["GET"]}}],"collection":[{"href":"https:\/\/nvnoticias.mx\/index.php\/wp-json\/wp\/v2\/posts"}],"about":[{"href":"https:\/\/nvnoticias.mx\/index.php\/wp-json\/wp\/v2\/types\/post"}],"author":[{"embeddable":true,"href":"https:\/\/nvnoticias.mx\/index.php\/wp-json\/wp\/v2\/users\/35"}],"replies":[{"embeddable":true,"href":"https:\/\/nvnoticias.mx\/index.php\/wp-json\/wp\/v2\/comments?post=158119"}],"version-history":[{"count":1,"href":"https:\/\/nvnoticias.mx\/index.php\/wp-json\/wp\/v2\/posts\/158119\/revisions"}],"predecessor-version":[{"id":158120,"href":"https:\/\/nvnoticias.mx\/index.php\/wp-json\/wp\/v2\/posts\/158119\/revisions\/158120"}],"wp:featuredmedia":[{"embeddable":true,"href":"https:\/\/nvnoticias.mx\/index.php\/wp-json\/wp\/v2\/media\/154349"}],"wp:attachment":[{"href":"https:\/\/nvnoticias.mx\/index.php\/wp-json\/wp\/v2\/media?parent=158119"}],"wp:term":[{"taxonomy":"category","embeddable":true,"href":"https:\/\/nvnoticias.mx\/index.php\/wp-json\/wp\/v2\/categories?post=158119"},{"taxonomy":"post_tag","embeddable":true,"href":"https:\/\/nvnoticias.mx\/index.php\/wp-json\/wp\/v2\/tags?post=158119"}],"curies":[{"name":"wp","href":"https:\/\/api.w.org\/{rel}","templated":true}]}}