{"id":158117,"date":"2024-08-25T09:56:52","date_gmt":"2024-08-25T15:56:52","guid":{"rendered":"https:\/\/nvnoticias.mx\/?p=158117"},"modified":"2024-08-25T09:56:53","modified_gmt":"2024-08-25T15:56:53","slug":"pide-mario-delgado-al-pt-reforma-judicial-como-regalo-de-jubilacion-para-amlo","status":"publish","type":"post","link":"https:\/\/nvnoticias.mx\/index.php\/2024\/08\/25\/pide-mario-delgado-al-pt-reforma-judicial-como-regalo-de-jubilacion-para-amlo\/","title":{"rendered":"Pide Mario Delgado al PT reforma judicial como regalo de jubilaci\u00f3n para AMLO"},"content":{"rendered":"\n<p class=\"sc__font-paragraph\">El dirigente nacional de&nbsp;<strong>Morena<\/strong>&nbsp;y pr\u00f3ximo titular de la Secretar\u00eda de Educaci\u00f3n P\u00fablica (<strong>SEP<\/strong>),&nbsp;<strong>Mario Delgado Carrillo<\/strong>&nbsp;convoc\u00f3 a los legisladores federales del Partido del Trabajo (<strong>PT<\/strong>) a sacar adelante la&nbsp;<strong>reforma al Poder Judicial,<\/strong>&nbsp;entre otras iniciativas, para que el presidente&nbsp;<strong>Andr\u00e9s Manuel L\u00f3pez Obrador<\/strong>&nbsp;se las lleve \u201ccomo un gran regalo\u201d.<\/p>\n\n\n\n<p class=\"sc__font-paragraph\">\u201cAy\u00fadenos este mes de septiembre. No habr\u00e1 descanso. Todo est\u00e1 programado minuto por minuto para poder sacar adelante la reforma al Poder Judicial y otras reformas que queremos que se lleve el Presidente como un gran regalo, como una gran despedida, como un gran homenaje que le tenemos que brindar a un gigante de la historia de nuestro pa\u00eds, como seguramente no vamos a conocer en muchas generaciones\u201d, expres\u00f3.<\/p>\n\n\n\n<p class=\"sc__font-paragraph\">Al encabezar la reuni\u00f3n plenaria de los diputados y senadores electos del PT, quienes comenzar\u00e1n funciones el pr\u00f3ximo 1 de septiembre, el l\u00edder morenista agreg\u00f3 que hay que darle al Presidente \u201cla posibilidad de que se lleve como un logro m\u00e1s la&nbsp;<strong>reforma al Poder Judicial.<\/strong><\/p>\n\n\n\n<p class=\"sc__font-paragraph\">\u201cPorque en algunos a\u00f1os esa reforma, cuando empiece a ser la justicia algo normal, algo cotidiano, vamos a recordar que Andr\u00e9s Manuel L\u00f3pez Obrador fue quien le hizo el llamado al pueblo de M\u00e9xico a tener, a darle una mayor\u00eda calificada a la presidenta Claudia Sheinbaum para poder cambiar de ra\u00edz este poder que tiene tantos intereses que lo protegen\u201d.<\/p>\n\n\n\n<p class=\"sc__font-paragraph\">Delgado Carrillo tambi\u00e9n reconoci\u00f3 a las y a los consejeros del&nbsp;<strong>Instituto Nacional Electoral<\/strong>(INE), quienes respetaron la Constituci\u00f3n en la definici\u00f3n de la distribuci\u00f3n de las diputaciones plurinominales.<\/p>\n\n\n\n<p class=\"sc__font-paragraph\">\u201cEs muy preocupante que no haya oposici\u00f3n en el pa\u00eds. Se ha convertido en un grupo de farsantes, de simuladores, porque no logra entender la dimensi\u00f3n de la conciencia pol\u00edtica del pueblo de M\u00e9xico, los domina su racismo, los domina su clasismo, los domina su desprecio al gran pueblo de&nbsp;<strong>M\u00e9xico.<\/strong><\/p>\n\n\n\n<p class=\"sc__font-paragraph\">\u201cAhora este \u00faltimo cuento que montaron, la supuesta sobrerrepresentaci\u00f3n, es incre\u00edble ya el descaro de los grupos de la derecha, c\u00f3mo con cara dura salen a mentir abiertamente al pueblo de M\u00e9xico, tratar de enga\u00f1ar a la gente. Y no entendieron ni lo que pas\u00f3 en el 2018, ni lo que pas\u00f3 el<strong>&nbsp;2 de junio<\/strong>&nbsp;y siguen con su misma estrategia, con puras mentiras, con pura simulaci\u00f3n\u201d, expres\u00f3.<\/p>\n\n\n\n<p>Fuente: <a href=\"https:\/\/www.eluniversal.com.mx\/nacion\/mario-delgado-pide-al-pt-reforma-judicial-como-regalo-de-jubilacion-para-amlo\/\">El Universal<\/a> <\/p>\n","protected":false},"excerpt":{"rendered":"<p>El dirigente nacional de&nbsp;Morena&nbsp;y pr\u00f3ximo titular de la Secretar\u00eda de Educaci\u00f3n P\u00fablica (SEP),&nbsp;Mario Delgado Carrillo&nbsp;convoc\u00f3 a los legisladores federales del Partido del Trabajo (PT) a sacar adelante la&nbsp;reforma al Poder Judicial,&nbsp;entre otras iniciativas, para que el presidente&nbsp;Andr\u00e9s Manuel L\u00f3pez Obrador&nbsp;se las lleve \u201ccomo un gran regalo\u201d. \u201cAy\u00fadenos este mes de septiembre. No habr\u00e1 descanso. Todo [&hellip;]<\/p>\n","protected":false},"author":35,"featured_media":156721,"comment_status":"closed","ping_status":"open","sticky":false,"template":"","format":"standard","meta":{"_monsterinsights_skip_tracking":false,"_monsterinsights_sitenote_active":false,"_monsterinsights_sitenote_note":"","_monsterinsights_sitenote_category":0,"footnotes":""},"categories":[158],"tags":[188,549,162,30269],"class_list":["post-158117","post","type-post","status-publish","format-standard","has-post-thumbnail","hentry","category-politica","tag-amlo","tag-mario-delgado","tag-portada","tag-reforma-judicial","wp-image-borders"],"amp_enabled":true,"_links":{"self":[{"href":"https:\/\/nvnoticias.mx\/index.php\/wp-json\/wp\/v2\/posts\/158117","targetHints":{"allow":["GET"]}}],"collection":[{"href":"https:\/\/nvnoticias.mx\/index.php\/wp-json\/wp\/v2\/posts"}],"about":[{"href":"https:\/\/nvnoticias.mx\/index.php\/wp-json\/wp\/v2\/types\/post"}],"author":[{"embeddable":true,"href":"https:\/\/nvnoticias.mx\/index.php\/wp-json\/wp\/v2\/users\/35"}],"replies":[{"embeddable":true,"href":"https:\/\/nvnoticias.mx\/index.php\/wp-json\/wp\/v2\/comments?post=158117"}],"version-history":[{"count":1,"href":"https:\/\/nvnoticias.mx\/index.php\/wp-json\/wp\/v2\/posts\/158117\/revisions"}],"predecessor-version":[{"id":158118,"href":"https:\/\/nvnoticias.mx\/index.php\/wp-json\/wp\/v2\/posts\/158117\/revisions\/158118"}],"wp:featuredmedia":[{"embeddable":true,"href":"https:\/\/nvnoticias.mx\/index.php\/wp-json\/wp\/v2\/media\/156721"}],"wp:attachment":[{"href":"https:\/\/nvnoticias.mx\/index.php\/wp-json\/wp\/v2\/media?parent=158117"}],"wp:term":[{"taxonomy":"category","embeddable":true,"href":"https:\/\/nvnoticias.mx\/index.php\/wp-json\/wp\/v2\/categories?post=158117"},{"taxonomy":"post_tag","embeddable":true,"href":"https:\/\/nvnoticias.mx\/index.php\/wp-json\/wp\/v2\/tags?post=158117"}],"curies":[{"name":"wp","href":"https:\/\/api.w.org\/{rel}","templated":true}]}}