{"id":158113,"date":"2024-08-25T09:47:36","date_gmt":"2024-08-25T15:47:36","guid":{"rendered":"https:\/\/nvnoticias.mx\/?p=158113"},"modified":"2024-08-25T09:47:37","modified_gmt":"2024-08-25T15:47:37","slug":"libro-de-melania-trump-saldra-a-la-venta-en-octubre","status":"publish","type":"post","link":"https:\/\/nvnoticias.mx\/index.php\/2024\/08\/25\/libro-de-melania-trump-saldra-a-la-venta-en-octubre\/","title":{"rendered":"Libro de Melania Trump saldr\u00e1 a la venta en octubre"},"content":{"rendered":"\n<p class=\"sc__font-paragraph\">El expresidente estadounidense y candidato republicano,&nbsp;<strong>Donald Trump<\/strong>, anunci\u00f3 este s\u00e1bado que las memorias de su esposa Melania llegar\u00e1n al mercado el pr\u00f3ximo 1 de octubre, un mes antes de las elecciones, un libro en el que la&nbsp;<strong>exprimera dama&nbsp;<\/strong>hablar\u00e1 de sus &#8220;experiencias compartidas&#8221;.<\/p>\n\n\n\n<p class=\"sc__font-paragraph\">&#8216;<strong>Melania<\/strong>&#8216; ser\u00e1 el t\u00edtulo del libro, adelant\u00f3 Trump en su cuenta de X, y &#8220;ofrece una l\u00facida perspectiva de su cargo como primera dama de Estados Unidos&#8221;, destacando las &#8220;experiencias compartidas&#8221; por la pareja presidencial, sus logros empresariales y &#8220;los retos y triunfos que ha vivido desde su ni\u00f1ez en Europa&#8221;.<\/p>\n\n\n\n<p class=\"sc__font-paragraph\">La exmodelo eslovena, de 56 a\u00f1os, revel\u00f3 a finales de julio que pr\u00f3ximamente iba a publicar su<strong>&nbsp;libro autobiogr\u00e1fico&nbsp;<\/strong>y que contar\u00eda la &#8220;historia apasionante de una mujer que ha definido la excelencia personal, superado la adversidad y labrado su propio camino&#8221;.<\/p>\n\n\n\n<p class=\"sc__font-paragraph\">El texto se puede adquirir ya en preventa y se lanzar\u00e1 oficialmente el pr\u00f3ximo 1 de octubre, poco m\u00e1s de un mes antes de las elecciones presidenciales del 5 de noviembre, en las que Donald Trump (2017-2021) se enfrentar\u00e1 contra la vicepresidenta de Estados Unidos,&nbsp;<strong>Kamala Harris<\/strong>, candidata dem\u00f3crata.<\/p>\n\n\n\n<p class=\"sc__font-paragraph\">Seg\u00fan su p\u00e1gina de Amazon, el libro de 256 p\u00e1ginas editado por la casa Skyhorse ya se ha convertido en el n\u00famero uno en ventas en la categor\u00eda &#8216;Presidentes de EE.UU.&#8217; coincidiendo con el anuncio del pol\u00edtico.<\/p>\n\n\n\n<p class=\"sc__font-paragraph\">La descripci\u00f3n de Amazon indica que Melania Trump reflexiona sobre su &#8220;reuni\u00f3n serendipitosa con Donald Trump, un encuentro casual que cambi\u00f3 para siempre el curso de su vida&#8221;, as\u00ed como &#8220;su cortejo&#8221; y su maternidad con el hijo en com\u00fan de ambos, Barron.<\/p>\n\n\n\n<p>Fuente: <a href=\"https:\/\/www.eluniversal.com.mx\/mundo\/libro-de-melania-trump-saldra-a-la-venta-en-octubre-un-mes-antes-de-las-elecciones\/\">El Universal<\/a> <\/p>\n","protected":false},"excerpt":{"rendered":"<p>El expresidente estadounidense y candidato republicano,&nbsp;Donald Trump, anunci\u00f3 este s\u00e1bado que las memorias de su esposa Melania llegar\u00e1n al mercado el pr\u00f3ximo 1 de octubre, un mes antes de las elecciones, un libro en el que la&nbsp;exprimera dama&nbsp;hablar\u00e1 de sus &#8220;experiencias compartidas&#8221;. &#8216;Melania&#8216; ser\u00e1 el t\u00edtulo del libro, adelant\u00f3 Trump en su cuenta de X, [&hellip;]<\/p>\n","protected":false},"author":35,"featured_media":135269,"comment_status":"closed","ping_status":"open","sticky":false,"template":"","format":"standard","meta":{"_monsterinsights_skip_tracking":false,"_monsterinsights_sitenote_active":false,"_monsterinsights_sitenote_note":"","_monsterinsights_sitenote_category":0,"footnotes":""},"categories":[181],"tags":[18515],"class_list":["post-158113","post","type-post","status-publish","format-standard","has-post-thumbnail","hentry","category-internacional","tag-melania-trump","wp-image-borders"],"amp_enabled":true,"_links":{"self":[{"href":"https:\/\/nvnoticias.mx\/index.php\/wp-json\/wp\/v2\/posts\/158113","targetHints":{"allow":["GET"]}}],"collection":[{"href":"https:\/\/nvnoticias.mx\/index.php\/wp-json\/wp\/v2\/posts"}],"about":[{"href":"https:\/\/nvnoticias.mx\/index.php\/wp-json\/wp\/v2\/types\/post"}],"author":[{"embeddable":true,"href":"https:\/\/nvnoticias.mx\/index.php\/wp-json\/wp\/v2\/users\/35"}],"replies":[{"embeddable":true,"href":"https:\/\/nvnoticias.mx\/index.php\/wp-json\/wp\/v2\/comments?post=158113"}],"version-history":[{"count":1,"href":"https:\/\/nvnoticias.mx\/index.php\/wp-json\/wp\/v2\/posts\/158113\/revisions"}],"predecessor-version":[{"id":158114,"href":"https:\/\/nvnoticias.mx\/index.php\/wp-json\/wp\/v2\/posts\/158113\/revisions\/158114"}],"wp:featuredmedia":[{"embeddable":true,"href":"https:\/\/nvnoticias.mx\/index.php\/wp-json\/wp\/v2\/media\/135269"}],"wp:attachment":[{"href":"https:\/\/nvnoticias.mx\/index.php\/wp-json\/wp\/v2\/media?parent=158113"}],"wp:term":[{"taxonomy":"category","embeddable":true,"href":"https:\/\/nvnoticias.mx\/index.php\/wp-json\/wp\/v2\/categories?post=158113"},{"taxonomy":"post_tag","embeddable":true,"href":"https:\/\/nvnoticias.mx\/index.php\/wp-json\/wp\/v2\/tags?post=158113"}],"curies":[{"name":"wp","href":"https:\/\/api.w.org\/{rel}","templated":true}]}}