{"id":15809,"date":"2021-06-09T17:50:08","date_gmt":"2021-06-09T22:50:08","guid":{"rendered":"https:\/\/nvnoticias.mx\/?p=15809"},"modified":"2021-06-09T17:50:52","modified_gmt":"2021-06-09T22:50:52","slug":"impulso-innovacion-emprendedurismo-objetivo-secretaria-de-economia-empresarios","status":"publish","type":"post","link":"https:\/\/nvnoticias.mx\/index.php\/2021\/06\/09\/impulso-innovacion-emprendedurismo-objetivo-secretaria-de-economia-empresarios\/","title":{"rendered":"Impulso a la innovaci\u00f3n y emprendedurismo, objetivo compartido de la Secretar\u00eda de Econom\u00eda y empresarios regionales"},"content":{"rendered":"\n<p><strong>Jes\u00fas Utrilla \/ NV Noticias<\/strong><\/p>\n\n\n\n<p>Del 14 al 26 de julio se llevar\u00e1 a cabo de manera virtual la IX Edici\u00f3n del Foro de Emprendimiento e Innovaci\u00f3n de la Alianza del Pac\u00edfico LAB4+2021, el cual representa una gran oportunidad para promover la capacidad exportadora de micros, peque\u00f1as y medianas empresas mexicanas.<br>\u00a0<br>En una reuni\u00f3n de trabajo para dar a conocer los pormenores del evento a empresarios regionales del pa\u00eds, Jos\u00e9 Manuel Urreta Ortega, presidente de ANCER se\u00f1al\u00f3 que \u00e9sta es una oportunidad para que diversas empresas y start ups mexicanas tengan la oportunidad de interactuar con compradores e inversionistas de Chile, Colombia, M\u00e9xico, Per\u00fa, Estados Unidos, Canad\u00e1, Costa Rica, Brasil, Argentina, Emiratos \u00c1rabes Unidos, todos los pa\u00edses de Europa continental y Reino Unido.<br>\u00a0<br>Asimismo, durante la Rueda Virtual de Negocios del foro convocado por la Unidad de Inteligencia Econ\u00f3mica Global de la Secretar\u00eda de Econom\u00eda, habr\u00e1 oportunidad para micro, peque\u00f1as y medianas empresas exportadoras que prestan servicios en los sectores tecnol\u00f3gicos de agricultura, finanzas, internet de las cosas, inteligencia artificial, ciberseguridad y blockchain, entre otros.<\/p>\n\n\n\n<blockquote class=\"wp-block-quote is-layout-flow wp-block-quote-is-layout-flow\"><p><em>\u201cANCER y la Secretar\u00eda de Econom\u00eda estamos logrando una sinergia de trabajo muy interesante, la cual estoy convencido que nos puede traer acciones y resultados de beneficio para los empresarios y nuevos emprendedores en las diversas regiones del pa\u00eds\u201d.<\/em><\/p><\/blockquote>\n\n\n\n<p>Urreta Ortega dijo que el objetivo es acercar a los empresarios regionales del pa\u00eds las diversas acciones y pol\u00edticas gubernamentales, para que sean aprovechadas por un mayor n\u00famero de mipymes en los diversos estados de la Rep\u00fablica, pero adem\u00e1s que las autoridades se retroalimenten con los comentarios y opiniones de \u00e9stas.<br>\u00a0<br>Liliana Padilla Rodr\u00edguez, titular de la Direcci\u00f3n General de Pol\u00edtica de Promoci\u00f3n de Inversiones y Exportaci\u00f3n de la Unidad de Inteligencia Econ\u00f3mica Global en la Secretar\u00eda de Econom\u00eda, reconoci\u00f3 la alianza estrat\u00e9gica conformada con ANCER para poder hacer llegar las iniciativas de la Secretar\u00eda de Econom\u00eda a las empresas MiPyMEs interesadas.<br>\u00a0<br>La funcionaria coment\u00f3 que el Foro de Emprendimiento e Innovaci\u00f3n de la Alianza del Pac\u00edfico desde el a\u00f1o pasado fue virtual y se impuls\u00f3 una expectativa de negocios por m\u00e1s de 22 millones de d\u00f3lares entre los cuatro pa\u00edses que conforman la Alianza del Pac\u00edfico, mientras que para M\u00e9xico las expectativas de negocios fueron el doble que las registradas en 2019.<br>\u00a0<br>Las tres actividades principales de esta novena edici\u00f3n son: una agenda acad\u00e9mica, los d\u00edas 14 y 15, abierta al p\u00fablico en general y empresas interesadas; una rueda de negocios los d\u00edas 21 y 23 con la presencia de empresas exportadoras de servicios de los sectores arriba indicados; y el pitch de inversi\u00f3n los d\u00edas 21, 22, 23 y 26 de julio.<br>\u00a0<br>Ethan Ayala, encargado de apoyar la coordinaci\u00f3n de los trabajos de promoci\u00f3n en el marco de la Alianza del Pac\u00edfico, por parte de la Secretar\u00eda de Econom\u00eda, explic\u00f3 que para la agenda del 14 y 15 se tiene previsto que entre los ponentes haya autoridades pol\u00edticas de alto nivel, adem\u00e1s de una importante presencia de las redes de innovaci\u00f3n de la Alianza del Pac\u00edfico.<br>\u00a0<br>Las inscripciones estar\u00e1n abiertas hasta el 11 de junio, en el enlace\u00a0<a rel=\"noreferrer noopener\" href=\"https:\/\/www.forolab4.com\/es\/lab42021\" target=\"_blank\">https:\/\/www.forolab4.com\/es\/lab42021<\/a>. <\/p>\n\n\n\n<p>Podr\u00e1n participar empresas exportadoras de servicios y start ups en los sectores seleccionados de los cuatro pa\u00edses que conforman la alianza: Chile, Colombia, M\u00e9xico y Per\u00fa. El evento busca impulsar los ecosistemas de innovaci\u00f3n y los emprendimientos de pa\u00edses de la Alianza, as\u00ed como la exportaci\u00f3n de servicios.<br>\u00a0<br>En la sesi\u00f3n estuvieron presentes los presidentes del Consejo de C\u00e1maras Industriales de Jalisco, Rub\u00e9n Masayi Gonz\u00e1lez; V\u00edctor del R\u00edo R. de la Gala, presidente del Consejo Coordinador Empresarial en Campeche; del Consejo Coordinador Empresarial en Hidalgo, Carlos Henkel Escorza; as\u00ed como representantes empresariales de Veracruz, La Paz y Quintana Roo. Los integrantes de ANCER reiteraron la voluntad para que el evento tenga alcance y beneficios para empresas mexicanas de todas las regiones del pa\u00eds.<\/p>\n","protected":false},"excerpt":{"rendered":"<p>Jes\u00fas Utrilla \/ NV Noticias Del 14 al 26 de julio se llevar\u00e1 a cabo de manera virtual la IX Edici\u00f3n del Foro de Emprendimiento e Innovaci\u00f3n de la Alianza del Pac\u00edfico LAB4+2021, el cual representa una gran oportunidad para promover la capacidad exportadora de micros, peque\u00f1as y medianas empresas mexicanas.\u00a0En una reuni\u00f3n de trabajo [&hellip;]<\/p>\n","protected":false},"author":7,"featured_media":15810,"comment_status":"open","ping_status":"open","sticky":false,"template":"","format":"standard","meta":{"_monsterinsights_skip_tracking":false,"_monsterinsights_sitenote_active":false,"_monsterinsights_sitenote_note":"","_monsterinsights_sitenote_category":0,"footnotes":""},"categories":[154],"tags":[4327,4329,4328],"class_list":["post-15809","post","type-post","status-publish","format-standard","has-post-thumbnail","hentry","category-veracruz","tag-emprendedores","tag-empresas-mexicanas","tag-foro-de-emprendimiento-e-innocacion-de-la-alianza-del-pacifico-lab42021","wp-image-borders"],"amp_enabled":true,"_links":{"self":[{"href":"https:\/\/nvnoticias.mx\/index.php\/wp-json\/wp\/v2\/posts\/15809","targetHints":{"allow":["GET"]}}],"collection":[{"href":"https:\/\/nvnoticias.mx\/index.php\/wp-json\/wp\/v2\/posts"}],"about":[{"href":"https:\/\/nvnoticias.mx\/index.php\/wp-json\/wp\/v2\/types\/post"}],"author":[{"embeddable":true,"href":"https:\/\/nvnoticias.mx\/index.php\/wp-json\/wp\/v2\/users\/7"}],"replies":[{"embeddable":true,"href":"https:\/\/nvnoticias.mx\/index.php\/wp-json\/wp\/v2\/comments?post=15809"}],"version-history":[{"count":1,"href":"https:\/\/nvnoticias.mx\/index.php\/wp-json\/wp\/v2\/posts\/15809\/revisions"}],"predecessor-version":[{"id":15811,"href":"https:\/\/nvnoticias.mx\/index.php\/wp-json\/wp\/v2\/posts\/15809\/revisions\/15811"}],"wp:featuredmedia":[{"embeddable":true,"href":"https:\/\/nvnoticias.mx\/index.php\/wp-json\/wp\/v2\/media\/15810"}],"wp:attachment":[{"href":"https:\/\/nvnoticias.mx\/index.php\/wp-json\/wp\/v2\/media?parent=15809"}],"wp:term":[{"taxonomy":"category","embeddable":true,"href":"https:\/\/nvnoticias.mx\/index.php\/wp-json\/wp\/v2\/categories?post=15809"},{"taxonomy":"post_tag","embeddable":true,"href":"https:\/\/nvnoticias.mx\/index.php\/wp-json\/wp\/v2\/tags?post=15809"}],"curies":[{"name":"wp","href":"https:\/\/api.w.org\/{rel}","templated":true}]}}