{"id":158041,"date":"2024-08-23T14:36:43","date_gmt":"2024-08-23T20:36:43","guid":{"rendered":"https:\/\/nvnoticias.mx\/?p=158041"},"modified":"2024-08-23T14:36:45","modified_gmt":"2024-08-23T20:36:45","slug":"marcelo-ebrard-responde-a-ken-salazar-tras-criticas-sobre-la-reforma-al-poder-judicial","status":"publish","type":"post","link":"https:\/\/nvnoticias.mx\/index.php\/2024\/08\/23\/marcelo-ebrard-responde-a-ken-salazar-tras-criticas-sobre-la-reforma-al-poder-judicial\/","title":{"rendered":"Marcelo Ebrard responde a Ken Salazar tras cr\u00edticas sobre la reforma al Poder Judicial"},"content":{"rendered":"\n<p>Desde la ciudad de\u00a0<strong>Cuernavaca<\/strong>, en el estado de Morelos, el futuro secretario de Econom\u00eda,\u00a0<strong>Marcelo Ebrard Casaub\u00f3n<\/strong>, dio a conocer su postura en torno a la opini\u00f3n dada por el embajador de Estados Unidos en M\u00e9xico,\u00a0<strong>Ken Salazar<\/strong>\u00a0quien ha mostrado preocupaci\u00f3n por la<strong>\u00a0reforma al Poder Judicial<\/strong>\u00a0impulsada por el presidente Andr\u00e9s Manuel L\u00f3pez Obrador (<strong>AMLO<\/strong>).<\/p>\n\n\n\n<p>Ante decenas de simpatizantes, el excanciller insisti\u00f3 que la relaci\u00f3n entre ambos pa\u00edses es buena poniendo como ejemplo el&nbsp;<strong>TMEC<\/strong>, por lo que la reforma impulsada por el morenista \u201cno tiene por qu\u00e9 poner en peligro\u201d tal acuerdo entre Estados Unidos, M\u00e9xico y Canad\u00e1.<\/p>\n\n\n\n<blockquote class=\"wp-block-quote is-layout-flow wp-block-quote-is-layout-flow\">\n<p>\u201cNo, no nos amenacen con eso\u201d, asever\u00f3.<\/p>\n<\/blockquote>\n\n\n\n<p><span style=\"color: rgb(31, 31, 31); font-size: 22px; white-space: normal;\">Durante su discurso, el tambi\u00e9n exjefe de Gobierno de la Ciudad de M\u00e9xico incluso habl\u00f3 en ingl\u00e9s al cuestionar:\u00a0<\/span><span style=\"font-weight: 700; color: rgb(31, 31, 31); font-size: 22px; white-space: normal;\">\u201cWhat are you talking about, dear Ken?\u201d<\/span><span style=\"color: rgb(31, 31, 31); font-size: 22px; white-space: normal;\">\u00a0(\u00bfDe qu\u00e9 est\u00e1s hablando, querido Ken?) mientras insisti\u00f3 que:<\/span><\/p>\n\n\n\n<blockquote class=\"wp-block-quote is-layout-flow wp-block-quote-is-layout-flow\">\n<p>\u201c\u00bfC\u00f3mo puedes decir que eso va a poner en tela de juicio o el riesgo la democracia, cuando en Estados Unidos empez\u00f3 en 1830 y ha servido para fortalecer la democracia norteamericana?\u201d.<\/p>\n<\/blockquote>\n\n\n\n<p>Cabe destacar que un d\u00eda antes, la futura presidenta de M\u00e9xico,&nbsp;<strong>Claudia Sheinbaum Pardo<\/strong>&nbsp;escribi\u00f3 en redes sociales a trav\u00e9s de un breve mensaje que, en la mayor\u00eda de los estados del pa\u00eds gobernado por Joe Biden, los jueces se eligen a trav\u00e9s del voto, por lo que esta postura hoy fue retomada por el excanciller quien tambi\u00e9n secund\u00f3 la defensa de quienes forman parte de la denominada Cuarta Transformaci\u00f3n.<\/p>\n\n\n\n<blockquote class=\"wp-block-quote is-layout-flow wp-block-quote-is-layout-flow\">\n<p>\u201cEntonces, yo dir\u00eda que no se comparte tu comentario o no coincide con lo que sucede en tu pa\u00eds\u201d, insisti\u00f3.<\/p>\n<\/blockquote>\n\n\n\n<p>Fuente: <a href=\"https:\/\/www.infobae.com\/mexico\/2024\/08\/23\/ebrard-responde-contundente-a-ken-salazar-tras-postura-sobre-reforma-al-poder-judicial-no-nos-amenacen\/\" data-type=\"link\" data-id=\"https:\/\/www.infobae.com\/mexico\/2024\/08\/23\/ebrard-responde-contundente-a-ken-salazar-tras-postura-sobre-reforma-al-poder-judicial-no-nos-amenacen\/\">Infobae<\/a><a href=\"https:\/\/www.infobae.com\/mexico\/2024\/08\/23\/esto-dijo-loret-de-mola-sobre-la-critica-de-ken-salazar-a-la-reforma-del-poder-judicial\/\" target=\"_blank\" rel=\"noreferrer noopener\"><\/a><\/p>\n","protected":false},"excerpt":{"rendered":"<p>Desde la ciudad de\u00a0Cuernavaca, en el estado de Morelos, el futuro secretario de Econom\u00eda,\u00a0Marcelo Ebrard Casaub\u00f3n, dio a conocer su postura en torno a la opini\u00f3n dada por el embajador de Estados Unidos en M\u00e9xico,\u00a0Ken Salazar\u00a0quien ha mostrado preocupaci\u00f3n por la\u00a0reforma al Poder Judicial\u00a0impulsada por el presidente Andr\u00e9s Manuel L\u00f3pez Obrador (AMLO). Ante decenas de [&hellip;]<\/p>\n","protected":false},"author":35,"featured_media":158042,"comment_status":"open","ping_status":"open","sticky":false,"template":"","format":"standard","meta":{"_monsterinsights_skip_tracking":false,"_monsterinsights_sitenote_active":false,"_monsterinsights_sitenote_note":"","_monsterinsights_sitenote_category":0,"footnotes":""},"categories":[158],"tags":[5523,391,2321],"class_list":["post-158041","post","type-post","status-publish","format-standard","has-post-thumbnail","hentry","category-politica","tag-ken-salazar","tag-marcelo-ebrard","tag-poder-judicial","wp-image-borders"],"amp_enabled":true,"_links":{"self":[{"href":"https:\/\/nvnoticias.mx\/index.php\/wp-json\/wp\/v2\/posts\/158041","targetHints":{"allow":["GET"]}}],"collection":[{"href":"https:\/\/nvnoticias.mx\/index.php\/wp-json\/wp\/v2\/posts"}],"about":[{"href":"https:\/\/nvnoticias.mx\/index.php\/wp-json\/wp\/v2\/types\/post"}],"author":[{"embeddable":true,"href":"https:\/\/nvnoticias.mx\/index.php\/wp-json\/wp\/v2\/users\/35"}],"replies":[{"embeddable":true,"href":"https:\/\/nvnoticias.mx\/index.php\/wp-json\/wp\/v2\/comments?post=158041"}],"version-history":[{"count":1,"href":"https:\/\/nvnoticias.mx\/index.php\/wp-json\/wp\/v2\/posts\/158041\/revisions"}],"predecessor-version":[{"id":158043,"href":"https:\/\/nvnoticias.mx\/index.php\/wp-json\/wp\/v2\/posts\/158041\/revisions\/158043"}],"wp:featuredmedia":[{"embeddable":true,"href":"https:\/\/nvnoticias.mx\/index.php\/wp-json\/wp\/v2\/media\/158042"}],"wp:attachment":[{"href":"https:\/\/nvnoticias.mx\/index.php\/wp-json\/wp\/v2\/media?parent=158041"}],"wp:term":[{"taxonomy":"category","embeddable":true,"href":"https:\/\/nvnoticias.mx\/index.php\/wp-json\/wp\/v2\/categories?post=158041"},{"taxonomy":"post_tag","embeddable":true,"href":"https:\/\/nvnoticias.mx\/index.php\/wp-json\/wp\/v2\/tags?post=158041"}],"curies":[{"name":"wp","href":"https:\/\/api.w.org\/{rel}","templated":true}]}}