{"id":157976,"date":"2024-08-22T15:51:47","date_gmt":"2024-08-22T21:51:47","guid":{"rendered":"https:\/\/nvnoticias.mx\/?p=157976"},"modified":"2024-08-22T15:51:48","modified_gmt":"2024-08-22T21:51:48","slug":"alejandra-valencia-medallista-olimpica-revela-que-la-conade-le-bajo-su-beca","status":"publish","type":"post","link":"https:\/\/nvnoticias.mx\/index.php\/2024\/08\/22\/alejandra-valencia-medallista-olimpica-revela-que-la-conade-le-bajo-su-beca\/","title":{"rendered":"Alejandra Valencia, medallista ol\u00edmpica, revela que la Conade \u201cle baj\u00f3\u201d su beca"},"content":{"rendered":"\n<p>La arquera mexicana\u00a0<strong>Alejandra Valencia<\/strong>, quien recientemente obtuvo una medalla de bronce en la modalidad por equipos femenil durante los<strong>\u00a0Juegos Ol\u00edmpicos Par\u00eds 2024, denunci\u00f3 a trav\u00e9s de un mensaje en X (anteriormente Twitter) que la Comisi\u00f3n Nacional de Cultura F\u00edsica y Deporte (Conade) le retir\u00f3 su beca deportiva.<\/strong><\/p>\n\n\n\n<p>La medallista mexicana relat\u00f3 que, tras acudir a las instalaciones de la Conade para firmar la documentaci\u00f3n correspondiente, fue informada de que la&nbsp;<strong>reducci\u00f3n de su beca se deb\u00eda a las nuevas reglas de operaci\u00f3n implementadas por el organismo.<\/strong><\/p>\n\n\n\n<blockquote class=\"wp-block-quote is-layout-flow wp-block-quote-is-layout-flow\">\n<p>\u201cVine a firmar la documentaci\u00f3n de mi beca y me enter\u00e9 que por las reglas de operaci\u00f3n que rigen a @CONADE me bajaron mi beca despu\u00e9s de la medalla ol\u00edmpica. No pues muchas gracias\u201d, expres\u00f3 Valencia en su mensaje, evidenciando su descontento ante la situaci\u00f3n.<\/p>\n<\/blockquote>\n\n\n\n<p>Esta decisi\u00f3n ha generado pol\u00e9mica, especialmente porque, antes del inicio de los Juegos Ol\u00edmpicos, la titular de la Conade,\u00a0<strong>Ana Gabriela Guevara, hab\u00eda asegurado que los deportistas mexicanos contar\u00edan con el respaldo total del organismo.\u00a0<\/strong>Adem\u00e1s, se hab\u00eda comprometido a otorgar un\u00a0<strong>bono monetario a aquellos atletas que lograran subir al podio en la justa veraniega.<\/strong><\/p>\n\n\n\n<p>El caso de Alejandra Valencia no es el primero en el que un atleta mexicano denuncia la falta de apoyo por parte de la Conade. En los \u00faltimos a\u00f1os, han surgido diversas quejas de deportistas que aseguran n<strong>o recibir el respaldo prometido por el organismo, lo que ha generado cr\u00edticas hacia la gesti\u00f3n de Ana Gabriela Guevara al frente de la Conade.<\/strong><\/p>\n\n\n\n<p>Fuente: <a href=\"https:\/\/www.infobae.com\/mexico\/deportes\/2024\/08\/22\/alejandra-valencia-medallista-olimpica-revela-que-la-conade-le-quito-su-beca\/\" data-type=\"link\" data-id=\"https:\/\/www.infobae.com\/mexico\/deportes\/2024\/08\/22\/alejandra-valencia-medallista-olimpica-revela-que-la-conade-le-quito-su-beca\/\">Infobae<\/a><\/p>\n","protected":false},"excerpt":{"rendered":"<p>La arquera mexicana\u00a0Alejandra Valencia, quien recientemente obtuvo una medalla de bronce en la modalidad por equipos femenil durante los\u00a0Juegos Ol\u00edmpicos Par\u00eds 2024, denunci\u00f3 a trav\u00e9s de un mensaje en X (anteriormente Twitter) que la Comisi\u00f3n Nacional de Cultura F\u00edsica y Deporte (Conade) le retir\u00f3 su beca deportiva. La medallista mexicana relat\u00f3 que, tras acudir a [&hellip;]<\/p>\n","protected":false},"author":35,"featured_media":157977,"comment_status":"open","ping_status":"open","sticky":false,"template":"","format":"standard","meta":{"_monsterinsights_skip_tracking":false,"_monsterinsights_sitenote_active":false,"_monsterinsights_sitenote_note":"","_monsterinsights_sitenote_category":0,"footnotes":""},"categories":[159],"tags":[26702,752,5441],"class_list":["post-157976","post","type-post","status-publish","format-standard","has-post-thumbnail","hentry","category-deportes","tag-alejandra-valencia","tag-conade","tag-paris-2024","wp-image-borders"],"amp_enabled":true,"_links":{"self":[{"href":"https:\/\/nvnoticias.mx\/index.php\/wp-json\/wp\/v2\/posts\/157976","targetHints":{"allow":["GET"]}}],"collection":[{"href":"https:\/\/nvnoticias.mx\/index.php\/wp-json\/wp\/v2\/posts"}],"about":[{"href":"https:\/\/nvnoticias.mx\/index.php\/wp-json\/wp\/v2\/types\/post"}],"author":[{"embeddable":true,"href":"https:\/\/nvnoticias.mx\/index.php\/wp-json\/wp\/v2\/users\/35"}],"replies":[{"embeddable":true,"href":"https:\/\/nvnoticias.mx\/index.php\/wp-json\/wp\/v2\/comments?post=157976"}],"version-history":[{"count":1,"href":"https:\/\/nvnoticias.mx\/index.php\/wp-json\/wp\/v2\/posts\/157976\/revisions"}],"predecessor-version":[{"id":157978,"href":"https:\/\/nvnoticias.mx\/index.php\/wp-json\/wp\/v2\/posts\/157976\/revisions\/157978"}],"wp:featuredmedia":[{"embeddable":true,"href":"https:\/\/nvnoticias.mx\/index.php\/wp-json\/wp\/v2\/media\/157977"}],"wp:attachment":[{"href":"https:\/\/nvnoticias.mx\/index.php\/wp-json\/wp\/v2\/media?parent=157976"}],"wp:term":[{"taxonomy":"category","embeddable":true,"href":"https:\/\/nvnoticias.mx\/index.php\/wp-json\/wp\/v2\/categories?post=157976"},{"taxonomy":"post_tag","embeddable":true,"href":"https:\/\/nvnoticias.mx\/index.php\/wp-json\/wp\/v2\/tags?post=157976"}],"curies":[{"name":"wp","href":"https:\/\/api.w.org\/{rel}","templated":true}]}}