{"id":15794,"date":"2021-06-09T14:55:56","date_gmt":"2021-06-09T19:55:56","guid":{"rendered":"https:\/\/nvnoticias.mx\/?p=15794"},"modified":"2021-06-09T14:55:57","modified_gmt":"2021-06-09T19:55:57","slug":"informa-ople-que-algunos-paquetes-no-contenian-el-acta-de-escrutinio","status":"publish","type":"post","link":"https:\/\/nvnoticias.mx\/index.php\/2021\/06\/09\/informa-ople-que-algunos-paquetes-no-contenian-el-acta-de-escrutinio\/","title":{"rendered":"Informa Ople que algunos paquetes no conten\u00edan el acta de escrutinio"},"content":{"rendered":"\n<p><strong>Jes\u00fas Utrilla \/ NV Noticias<\/strong><\/p>\n\n\n\n<p>Al menos 44 paquetes no conten\u00edan el acta al exterior del paquete electoral, en el distrito 15 del OPLE.<\/p>\n\n\n\n<p>Ver\u00f3nica San Juan, presidenta del Consejo Distrital n\u00famero 15, admiti\u00f3 que en algunos casos tampoco encontraron el documento al interior de la caja.<\/p>\n\n\n\n<p>Sin embargo, se cotej\u00f3 con los datos de lo representantes de partido.<\/p>\n\n\n\n<p>En el distrito 15 del Organismo P\u00fablico Local Electoral fueron en total 405 paquetes de electorales y de ellos 261 paquetes son susceptibles de recuento.<\/p>\n\n\n\n<p>Mismos que se revisar\u00e1n en la sesi\u00f3n permanente de c\u00f3mputo distrital que comenz\u00f3 este mi\u00e9rcoles y concluir\u00e1 el jueves.<\/p>\n\n\n\n<blockquote class=\"wp-block-quote is-layout-flow wp-block-quote-is-layout-flow\"><p><em>\u201cEl funcionario de casilla ingres\u00f3 las actas al interior del paquete y no los puedes abrir durante el d\u00eda de la jornada, lo que tienes que hacer es esperar al mi\u00e9rcoles al recuento. Estamos abriendo los paquetes y ah\u00ed estamos encontrando algunas de las actas que no ven\u00edan y que no se pudieron contabilizar\u201d.<\/em><\/p><\/blockquote>\n\n\n\n<p>El Organismo P\u00fablico Local Electoral puso en marcha la sesi\u00f3n permanente de c\u00f3mputo distrital.<\/p>\n\n\n\n<p>Comenzaron con el ingreso y puesta en cero del sistema integral, posteriormente el cantado de actas.<\/p>\n","protected":false},"excerpt":{"rendered":"<p>Jes\u00fas Utrilla \/ NV Noticias Al menos 44 paquetes no conten\u00edan el acta al exterior del paquete electoral, en el distrito 15 del OPLE. Ver\u00f3nica San Juan, presidenta del Consejo Distrital n\u00famero 15, admiti\u00f3 que en algunos casos tampoco encontraron el documento al interior de la caja. Sin embargo, se cotej\u00f3 con los datos de [&hellip;]<\/p>\n","protected":false},"author":7,"featured_media":15795,"comment_status":"open","ping_status":"open","sticky":false,"template":"","format":"standard","meta":{"_monsterinsights_skip_tracking":false,"_monsterinsights_sitenote_active":false,"_monsterinsights_sitenote_note":"","_monsterinsights_sitenote_category":0,"footnotes":""},"categories":[154],"tags":[4323,681,530,4324],"class_list":["post-15794","post","type-post","status-publish","format-standard","has-post-thumbnail","hentry","category-veracruz","tag-actas-de-escrutinio","tag-elecciones-2021","tag-ople","tag-paquetes","wp-image-borders"],"amp_enabled":true,"_links":{"self":[{"href":"https:\/\/nvnoticias.mx\/index.php\/wp-json\/wp\/v2\/posts\/15794","targetHints":{"allow":["GET"]}}],"collection":[{"href":"https:\/\/nvnoticias.mx\/index.php\/wp-json\/wp\/v2\/posts"}],"about":[{"href":"https:\/\/nvnoticias.mx\/index.php\/wp-json\/wp\/v2\/types\/post"}],"author":[{"embeddable":true,"href":"https:\/\/nvnoticias.mx\/index.php\/wp-json\/wp\/v2\/users\/7"}],"replies":[{"embeddable":true,"href":"https:\/\/nvnoticias.mx\/index.php\/wp-json\/wp\/v2\/comments?post=15794"}],"version-history":[{"count":1,"href":"https:\/\/nvnoticias.mx\/index.php\/wp-json\/wp\/v2\/posts\/15794\/revisions"}],"predecessor-version":[{"id":15796,"href":"https:\/\/nvnoticias.mx\/index.php\/wp-json\/wp\/v2\/posts\/15794\/revisions\/15796"}],"wp:featuredmedia":[{"embeddable":true,"href":"https:\/\/nvnoticias.mx\/index.php\/wp-json\/wp\/v2\/media\/15795"}],"wp:attachment":[{"href":"https:\/\/nvnoticias.mx\/index.php\/wp-json\/wp\/v2\/media?parent=15794"}],"wp:term":[{"taxonomy":"category","embeddable":true,"href":"https:\/\/nvnoticias.mx\/index.php\/wp-json\/wp\/v2\/categories?post=15794"},{"taxonomy":"post_tag","embeddable":true,"href":"https:\/\/nvnoticias.mx\/index.php\/wp-json\/wp\/v2\/tags?post=15794"}],"curies":[{"name":"wp","href":"https:\/\/api.w.org\/{rel}","templated":true}]}}