{"id":157895,"date":"2024-08-21T12:47:17","date_gmt":"2024-08-21T18:47:17","guid":{"rendered":"https:\/\/nvnoticias.mx\/?p=157895"},"modified":"2024-08-21T12:47:19","modified_gmt":"2024-08-21T18:47:19","slug":"respalda-coparmex-a-trabajadores-del-poder-judicial-federal-que-estan-en-paro-y-pide-generar-consensos-sobre-la-reforma","status":"publish","type":"post","link":"https:\/\/nvnoticias.mx\/index.php\/2024\/08\/21\/respalda-coparmex-a-trabajadores-del-poder-judicial-federal-que-estan-en-paro-y-pide-generar-consensos-sobre-la-reforma\/","title":{"rendered":"Respalda Coparmex a trabajadores del Poder Judicial Federal que est\u00e1n en paro y pide generar consensos sobre la reforma"},"content":{"rendered":"\n<p>Bajo el argumento de que la justicia debe ser profesional, independiente, objetiva y justa, la\u00a0<strong>Confederaci\u00f3n Patronal de la Rep\u00fablica Mexicana\u00a0<\/strong>(<a href=\"https:\/\/www.eluniversal.com.mx\/tag\/coparmex\/\" target=\"_blank\" rel=\"noreferrer noopener\"><strong>Coparmex<\/strong><\/a>) manifest\u00f3 su apoyo a todos los trabajadores del\u00a0<strong>Poder Judicial<\/strong>\u00a0que se fueron a\u00a0<strong>paro\u00a0<\/strong>en protesta por la iniciativa de\u00a0<strong>reforma<\/strong>\u00a0que llevar\u00e1 a que\u00a0<strong>se elijan los jueces y magistrados<\/strong>.<\/p>\n\n\n\n<p>Consider\u00f3 que debe respetarse la&nbsp;<strong>independencia judicial<\/strong>, lo que no se lograr\u00e1 eligiendo a<strong>&nbsp;jueces<\/strong>&nbsp;y<strong>&nbsp;magistrados<\/strong>&nbsp;en votaci\u00f3n popular, tal y como se plantea en la reforma y que genera preocupaci\u00f3n.<\/p>\n\n\n\n<p>El sindicato patronal dijo que el\u00a0<strong>paro indefinido de labores<\/strong>\u00a0que iniciaron los trabajadores \u201crefleja la gravedad de la situaci\u00f3n y la urgencia de revisar y dialogar las reformas propuestas\u201d.<\/p>\n\n\n\n<p>Para la&nbsp;<strong>Coparmex&nbsp;<\/strong>la reforma al&nbsp;<strong>Poder Judicial Federal<\/strong>&nbsp;debe ser resultado de un di\u00e1logo respetuoso, consensuado, constructivo, sin descalificaciones y en paz, como parte de un proceso democr\u00e1tico del pa\u00eds.<\/p>\n\n\n\n<p>\u201cHacemos un llamado a las autoridades para generar consensos que lleven a una reforma que no solo acerque la justicia a los ciudadanos, sino que tambi\u00e9n respete la carrera judicial y los derechos de las y los trabajadores del PJF.<\/p>\n\n\n\n<p>&#8220;La independencia del Poder Judicial es esencial para la protecci\u00f3n de los\u00a0<strong>derechos humanos<\/strong>\u00a0y el mantenimiento del Estado de derecho en M\u00e9xico\u201d, expuso la Confederaci\u00f3n en un comunicado.<\/p>\n\n\n\n<p>Fuente: <a href=\"https:\/\/www.eluniversal.com.mx\/cartera\/coparmex-respalda-a-trabajadores-del-poder-judicial-federal-que-estan-en-paro-y-pide-generar-consensos-sobre-la-reforma\/\" data-type=\"link\" data-id=\"https:\/\/www.eluniversal.com.mx\/cartera\/coparmex-respalda-a-trabajadores-del-poder-judicial-federal-que-estan-en-paro-y-pide-generar-consensos-sobre-la-reforma\/\">El Universal<\/a><\/p>\n","protected":false},"excerpt":{"rendered":"<p>Bajo el argumento de que la justicia debe ser profesional, independiente, objetiva y justa, la\u00a0Confederaci\u00f3n Patronal de la Rep\u00fablica Mexicana\u00a0(Coparmex) manifest\u00f3 su apoyo a todos los trabajadores del\u00a0Poder Judicial\u00a0que se fueron a\u00a0paro\u00a0en protesta por la iniciativa de\u00a0reforma\u00a0que llevar\u00e1 a que\u00a0se elijan los jueces y magistrados. Consider\u00f3 que debe respetarse la&nbsp;independencia judicial, lo que no se [&hellip;]<\/p>\n","protected":false},"author":35,"featured_media":58450,"comment_status":"open","ping_status":"open","sticky":false,"template":"","format":"standard","meta":{"_monsterinsights_skip_tracking":false,"_monsterinsights_sitenote_active":false,"_monsterinsights_sitenote_note":"","_monsterinsights_sitenote_category":0,"footnotes":""},"categories":[158],"tags":[1421,2321],"class_list":["post-157895","post","type-post","status-publish","format-standard","has-post-thumbnail","hentry","category-politica","tag-coparmex","tag-poder-judicial","wp-image-borders"],"amp_enabled":true,"_links":{"self":[{"href":"https:\/\/nvnoticias.mx\/index.php\/wp-json\/wp\/v2\/posts\/157895","targetHints":{"allow":["GET"]}}],"collection":[{"href":"https:\/\/nvnoticias.mx\/index.php\/wp-json\/wp\/v2\/posts"}],"about":[{"href":"https:\/\/nvnoticias.mx\/index.php\/wp-json\/wp\/v2\/types\/post"}],"author":[{"embeddable":true,"href":"https:\/\/nvnoticias.mx\/index.php\/wp-json\/wp\/v2\/users\/35"}],"replies":[{"embeddable":true,"href":"https:\/\/nvnoticias.mx\/index.php\/wp-json\/wp\/v2\/comments?post=157895"}],"version-history":[{"count":1,"href":"https:\/\/nvnoticias.mx\/index.php\/wp-json\/wp\/v2\/posts\/157895\/revisions"}],"predecessor-version":[{"id":157896,"href":"https:\/\/nvnoticias.mx\/index.php\/wp-json\/wp\/v2\/posts\/157895\/revisions\/157896"}],"wp:featuredmedia":[{"embeddable":true,"href":"https:\/\/nvnoticias.mx\/index.php\/wp-json\/wp\/v2\/media\/58450"}],"wp:attachment":[{"href":"https:\/\/nvnoticias.mx\/index.php\/wp-json\/wp\/v2\/media?parent=157895"}],"wp:term":[{"taxonomy":"category","embeddable":true,"href":"https:\/\/nvnoticias.mx\/index.php\/wp-json\/wp\/v2\/categories?post=157895"},{"taxonomy":"post_tag","embeddable":true,"href":"https:\/\/nvnoticias.mx\/index.php\/wp-json\/wp\/v2\/tags?post=157895"}],"curies":[{"name":"wp","href":"https:\/\/api.w.org\/{rel}","templated":true}]}}