{"id":157783,"date":"2024-08-20T09:53:52","date_gmt":"2024-08-20T15:53:52","guid":{"rendered":"https:\/\/nvnoticias.mx\/?p=157783"},"modified":"2024-08-20T09:53:54","modified_gmt":"2024-08-20T15:53:54","slug":"exhiben-en-la-mananera-a-juez-que-libero-a-juan-antonio-vera","status":"publish","type":"post","link":"https:\/\/nvnoticias.mx\/index.php\/2024\/08\/20\/exhiben-en-la-mananera-a-juez-que-libero-a-juan-antonio-vera\/","title":{"rendered":"Exhiben en \u2018La Ma\u00f1anera\u2019 a juez que liber\u00f3 a Juan Antonio Vera"},"content":{"rendered":"\n<p>El juez&nbsp;<strong>Jos\u00e9 Gabriel Ram\u00edrez Monta\u00f1o<\/strong>&nbsp;fue exhibido en la conferencia matutina del presidente Andr\u00e9s Manuel L\u00f3pez Obrador (AMLO). Esto debido a que autoriz\u00f3 la liberaci\u00f3n de<strong>&nbsp;Juan Antonio Vera Carrizal<\/strong>, se\u00f1alado como el autor intelectual del intento de feminicidio en agravio de la saxofonista&nbsp;<strong>Mar\u00eda Elena R\u00edos<\/strong>, ocurrido en 2019.<\/p>\n\n\n\n<p>En la secci\u00f3n de \u201cJueces que favorecen a presuntos delincuentes\u201d, el subsecretario de Seguridad P\u00fablica,\u00a0<strong>Luis Rodr\u00edguez Bucio<\/strong>, expuso a Ram\u00edrez Monta\u00f1o, identificado como juez del Tribunal de Enjuiciamiento del Circuito Judicial de la Mixteca, con sede en Huajuapan,\u00a0<strong>Oaxaca<\/strong>.<\/p>\n\n\n\n<p>Rodr\u00edguez Bucio explic\u00f3 que el pasado 14 de agosto, el juez Monta\u00f1o emiti\u00f3 un\u00a0<strong>fallo absolutorio<\/strong>\u00a0en favor de Juan Antonio Vera Carrizal, Rubicel \u201cN\u201d y Rub\u00e9n \u201cN\u201d, quienes hab\u00edan sido procesados por el delito de feminicidio en grado de tentativa.<\/p>\n\n\n\n<p>Seg\u00fan Ram\u00edrez Monta\u00f1o, la Fiscal\u00eda de Oaxaca \u201cno logr\u00f3 destruir la presunci\u00f3n de inocencia de los acusados\u201d, bajo el argumento de que las lesiones inferidas a la saxofonista \u201cno pusieron en peligro su vida\u201d. Esto pese a haber sido<strong>\u00a0atacada con \u00e1cido<\/strong>.<\/p>\n\n\n\n<p>Adem\u00e1s de autorizar la liberaci\u00f3n de Juan Antonio Vera, el juez Monta\u00f1o tambi\u00e9n dej\u00f3 sin efecto la\u00a0<strong>medida cautelar de prisi\u00f3n preventiva<\/strong>\u00a0que se le hab\u00eda impuesto al agresor. Asimismo, \u201corden\u00f3 el levantamiento de todo embargo precautorio o aseguramiento de bienes que se hubieran ordenado en su contra\u201d, se\u00f1al\u00f3 el subsecretario de Seguridad P\u00fablica.<\/p>\n\n\n\n<p>Fuente: <a href=\"https:\/\/www.infobae.com\/mexico\/2024\/08\/20\/exhiben-en-la-mananera-a-juez-que-libero-a-juan-antonio-vera-agresor-de-la-saxofonista-maria-elena-rios\/\" data-type=\"link\" data-id=\"https:\/\/www.infobae.com\/mexico\/2024\/08\/20\/exhiben-en-la-mananera-a-juez-que-libero-a-juan-antonio-vera-agresor-de-la-saxofonista-maria-elena-rios\/\">Infobae<\/a><a href=\"https:\/\/www.infobae.com\/mexico\/2024\/08\/20\/la-mananera-de-amlo-hoy-20-de-agosto-en-vivo\/\" target=\"_blank\" rel=\"noreferrer noopener\"><\/a><\/p>\n","protected":false},"excerpt":{"rendered":"<p>El juez&nbsp;Jos\u00e9 Gabriel Ram\u00edrez Monta\u00f1o&nbsp;fue exhibido en la conferencia matutina del presidente Andr\u00e9s Manuel L\u00f3pez Obrador (AMLO). Esto debido a que autoriz\u00f3 la liberaci\u00f3n de&nbsp;Juan Antonio Vera Carrizal, se\u00f1alado como el autor intelectual del intento de feminicidio en agravio de la saxofonista&nbsp;Mar\u00eda Elena R\u00edos, ocurrido en 2019. En la secci\u00f3n de \u201cJueces que favorecen a [&hellip;]<\/p>\n","protected":false},"author":35,"featured_media":157784,"comment_status":"open","ping_status":"open","sticky":false,"template":"","format":"standard","meta":{"_monsterinsights_skip_tracking":false,"_monsterinsights_sitenote_active":false,"_monsterinsights_sitenote_note":"","_monsterinsights_sitenote_category":0,"footnotes":""},"categories":[158],"tags":[7836,2188,21942,162],"class_list":["post-157783","post","type-post","status-publish","format-standard","has-post-thumbnail","hentry","category-politica","tag-exhiben","tag-juez","tag-la-mananera","tag-portada","wp-image-borders"],"amp_enabled":true,"_links":{"self":[{"href":"https:\/\/nvnoticias.mx\/index.php\/wp-json\/wp\/v2\/posts\/157783","targetHints":{"allow":["GET"]}}],"collection":[{"href":"https:\/\/nvnoticias.mx\/index.php\/wp-json\/wp\/v2\/posts"}],"about":[{"href":"https:\/\/nvnoticias.mx\/index.php\/wp-json\/wp\/v2\/types\/post"}],"author":[{"embeddable":true,"href":"https:\/\/nvnoticias.mx\/index.php\/wp-json\/wp\/v2\/users\/35"}],"replies":[{"embeddable":true,"href":"https:\/\/nvnoticias.mx\/index.php\/wp-json\/wp\/v2\/comments?post=157783"}],"version-history":[{"count":1,"href":"https:\/\/nvnoticias.mx\/index.php\/wp-json\/wp\/v2\/posts\/157783\/revisions"}],"predecessor-version":[{"id":157785,"href":"https:\/\/nvnoticias.mx\/index.php\/wp-json\/wp\/v2\/posts\/157783\/revisions\/157785"}],"wp:featuredmedia":[{"embeddable":true,"href":"https:\/\/nvnoticias.mx\/index.php\/wp-json\/wp\/v2\/media\/157784"}],"wp:attachment":[{"href":"https:\/\/nvnoticias.mx\/index.php\/wp-json\/wp\/v2\/media?parent=157783"}],"wp:term":[{"taxonomy":"category","embeddable":true,"href":"https:\/\/nvnoticias.mx\/index.php\/wp-json\/wp\/v2\/categories?post=157783"},{"taxonomy":"post_tag","embeddable":true,"href":"https:\/\/nvnoticias.mx\/index.php\/wp-json\/wp\/v2\/tags?post=157783"}],"curies":[{"name":"wp","href":"https:\/\/api.w.org\/{rel}","templated":true}]}}