{"id":157771,"date":"2024-08-20T08:44:10","date_gmt":"2024-08-20T14:44:10","guid":{"rendered":"https:\/\/nvnoticias.mx\/?p=157771"},"modified":"2024-08-20T08:44:11","modified_gmt":"2024-08-20T14:44:11","slug":"escucharemos-a-todas-las-partes-pero-reforma-judicial-es-mandato-popular-ricardo-monreal","status":"publish","type":"post","link":"https:\/\/nvnoticias.mx\/index.php\/2024\/08\/20\/escucharemos-a-todas-las-partes-pero-reforma-judicial-es-mandato-popular-ricardo-monreal\/","title":{"rendered":"Escucharemos a todas las partes, pero reforma judicial es mandato popular: Ricardo Monreal"},"content":{"rendered":"\n<p class=\"sc__font-paragraph\">El coordinador de Morena en el Senado,&nbsp;<strong>Ricardo Monreal \u00c1vila<\/strong>, afirm\u00f3 que la<strong>&nbsp;reforma judicial&nbsp;<\/strong>es un mandato popular que cumplir\u00e1n&nbsp;<strong>Morena&nbsp;<\/strong>y sus aliados, aunque reiter\u00f3 que escuchar\u00e1n a todas las partes interesadas.<\/p>\n\n\n\n<p class=\"sc__font-paragraph\">En un mensaje publicado en redes sociales, enfatiz\u00f3 que \u201ces importante hacer caso a lo que los ciudadanos dijeron en las urnas, por eso seremos responsables, cuidadosos y prudentes al establecer estas modificaciones a la&nbsp;<strong>Carta Magna<\/strong>\u201d.<\/p>\n\n\n\n<p>Ricardo Monreal se\u00f1al\u00f3 que el paro en algunas regiones y circuitos del Poder Judicial no debe preocupar ni extra\u00f1ar a nadie, pues est\u00e1n en su derecho de protestar. \u201cEs su derecho, mientras no afecten derechos de terceros\u201d, aunque de acuerdo con el art\u00edculo 17 constitucional -uno de los principales de nuestra Carta Magna-, ninguna persona puede hacerse justicia por s\u00ed misma, ni menos ejercer violencia para reclamar su derecho.<\/p>\n\n\n\n<p class=\"sc__font-paragraph\">El senador sostuvo que entiende las preocupaciones de los trabajadores del Poder Judicial, pero obstaculizar la impartici\u00f3n de justicia pronta y expedita en favor de los ciudadanos, es una grave violaci\u00f3n a la<strong>Constituci\u00f3n<\/strong>, reiter\u00f3.<\/p>\n\n\n\n<p class=\"sc__font-paragraph\">Por otra parte, inform\u00f3 que el proyecto de dictamen se discutir\u00e1 en comisiones de la&nbsp;<strong>C\u00e1mara de Diputados&nbsp;<\/strong>el pr\u00f3ximo 26 de agosto, para que se turne a la Mesa Directiva de la nueva Legislatura.<\/p>\n\n\n\n<p>Fuente: <a href=\"https:\/\/www.eluniversal.com.mx\/nacion\/escucharemos-a-todas-las-partes-pero-reforma-judicial-es-mandato-popular-ricardo-monreal\/\">El Universal<\/a> <\/p>\n","protected":false},"excerpt":{"rendered":"<p>El coordinador de Morena en el Senado,&nbsp;Ricardo Monreal \u00c1vila, afirm\u00f3 que la&nbsp;reforma judicial&nbsp;es un mandato popular que cumplir\u00e1n&nbsp;Morena&nbsp;y sus aliados, aunque reiter\u00f3 que escuchar\u00e1n a todas las partes interesadas. En un mensaje publicado en redes sociales, enfatiz\u00f3 que \u201ces importante hacer caso a lo que los ciudadanos dijeron en las urnas, por eso seremos responsables, [&hellip;]<\/p>\n","protected":false},"author":35,"featured_media":3990,"comment_status":"closed","ping_status":"open","sticky":false,"template":"","format":"standard","meta":{"_monsterinsights_skip_tracking":false,"_monsterinsights_sitenote_active":false,"_monsterinsights_sitenote_note":"","_monsterinsights_sitenote_category":0,"footnotes":""},"categories":[158],"tags":[2321,600],"class_list":["post-157771","post","type-post","status-publish","format-standard","has-post-thumbnail","hentry","category-politica","tag-poder-judicial","tag-ricardo-monreal","wp-image-borders"],"amp_enabled":true,"_links":{"self":[{"href":"https:\/\/nvnoticias.mx\/index.php\/wp-json\/wp\/v2\/posts\/157771","targetHints":{"allow":["GET"]}}],"collection":[{"href":"https:\/\/nvnoticias.mx\/index.php\/wp-json\/wp\/v2\/posts"}],"about":[{"href":"https:\/\/nvnoticias.mx\/index.php\/wp-json\/wp\/v2\/types\/post"}],"author":[{"embeddable":true,"href":"https:\/\/nvnoticias.mx\/index.php\/wp-json\/wp\/v2\/users\/35"}],"replies":[{"embeddable":true,"href":"https:\/\/nvnoticias.mx\/index.php\/wp-json\/wp\/v2\/comments?post=157771"}],"version-history":[{"count":1,"href":"https:\/\/nvnoticias.mx\/index.php\/wp-json\/wp\/v2\/posts\/157771\/revisions"}],"predecessor-version":[{"id":157772,"href":"https:\/\/nvnoticias.mx\/index.php\/wp-json\/wp\/v2\/posts\/157771\/revisions\/157772"}],"wp:featuredmedia":[{"embeddable":true,"href":"https:\/\/nvnoticias.mx\/index.php\/wp-json\/wp\/v2\/media\/3990"}],"wp:attachment":[{"href":"https:\/\/nvnoticias.mx\/index.php\/wp-json\/wp\/v2\/media?parent=157771"}],"wp:term":[{"taxonomy":"category","embeddable":true,"href":"https:\/\/nvnoticias.mx\/index.php\/wp-json\/wp\/v2\/categories?post=157771"},{"taxonomy":"post_tag","embeddable":true,"href":"https:\/\/nvnoticias.mx\/index.php\/wp-json\/wp\/v2\/tags?post=157771"}],"curies":[{"name":"wp","href":"https:\/\/api.w.org\/{rel}","templated":true}]}}